{"id":1,"date":"2021-08-18T12:21:16","date_gmt":"2021-08-18T11:21:16","guid":{"rendered":"https:\/\/rafeirosdoalentejo.eu\/pt\/?p=1"},"modified":"2022-08-10T16:33:45","modified_gmt":"2022-08-10T15:33:45","slug":"conheca_chica","status":"publish","type":"post","link":"https:\/\/rafeirosdoalentejo.eu\/pt\/conheca_chica\/","title":{"rendered":"Conhe\u00e7a Chica"},"content":{"rendered":"\n<p class=\"has-text-align-left\" style=\"font-size:15px\"><strong>Chica <\/strong>nasceu em 23 de junho de 2021 e ser\u00e1 nosso futuro novo membro da fam\u00edlia. <br>A sua m\u00e3e \u00e9 Rabina da Torre de Palma e o nome do pai \u00e9 Cacau III. Ambos est\u00e3o cadastrados no <a href=\"https:\/\/www.cpc.pt\" target=\"_blank\" rel=\"noreferrer noopener\">Clube Portugu\u00eas de Canicultura<\/a> e, tal como os seus pais, Chica tamb\u00e9m ter\u00e1 todos os documentos necess\u00e1rios e um pedigree.  <\/p>\n\n\n\n<div class=\"wp-block-columns\">\n<div class=\"wp-block-column\" style=\"flex-basis:300%\">\n<p class=\"has-text-align-center\" style=\"font-size:15px\"><img loading=\"lazy\" width=\"800\" height=\"800\" class=\"wp-image-10\" style=\"width: 350px;\" src=\"https:\/\/rafeirosdoalentejo.eu\/pt\/wp-content\/uploads\/sites\/2\/2021\/08\/moeder.jpeg\" alt=\"Mae Regina\" srcset=\"https:\/\/rafeirosdoalentejo.eu\/pt\/wp-content\/uploads\/sites\/2\/2021\/08\/moeder.jpeg 800w, https:\/\/rafeirosdoalentejo.eu\/pt\/wp-content\/uploads\/sites\/2\/2021\/08\/moeder-300x300.jpeg 300w, https:\/\/rafeirosdoalentejo.eu\/pt\/wp-content\/uploads\/sites\/2\/2021\/08\/moeder-150x150.jpeg 150w, https:\/\/rafeirosdoalentejo.eu\/pt\/wp-content\/uploads\/sites\/2\/2021\/08\/moeder-768x768.jpeg 768w, https:\/\/rafeirosdoalentejo.eu\/pt\/wp-content\/uploads\/sites\/2\/2021\/08\/moeder-60x60.jpeg 60w\" sizes=\"(max-width: 800px) 100vw, 800px\" \/><\/p>\n\n\n\n<p class=\"has-text-align-center\" style=\"font-size:15px\">M\u00e3e Regina<\/p>\n<\/div>\n\n\n\n<div class=\"wp-block-column\" style=\"flex-basis:300%\">\n<p class=\"has-text-align-center\" style=\"font-size:15px\"><img loading=\"lazy\" width=\"800\" height=\"800\" class=\"wp-image-12\" style=\"width: 350px;\" src=\"https:\/\/rafeirosdoalentejo.eu\/pt\/wp-content\/uploads\/sites\/2\/2021\/08\/vader.jpeg\" alt=\"Pai Cacau III\" srcset=\"https:\/\/rafeirosdoalentejo.eu\/pt\/wp-content\/uploads\/sites\/2\/2021\/08\/vader.jpeg 800w, https:\/\/rafeirosdoalentejo.eu\/pt\/wp-content\/uploads\/sites\/2\/2021\/08\/vader-300x300.jpeg 300w, https:\/\/rafeirosdoalentejo.eu\/pt\/wp-content\/uploads\/sites\/2\/2021\/08\/vader-150x150.jpeg 150w, https:\/\/rafeirosdoalentejo.eu\/pt\/wp-content\/uploads\/sites\/2\/2021\/08\/vader-768x768.jpeg 768w, https:\/\/rafeirosdoalentejo.eu\/pt\/wp-content\/uploads\/sites\/2\/2021\/08\/vader-60x60.jpeg 60w\" sizes=\"(max-width: 800px) 100vw, 800px\" \/><\/p>\n\n\n\n<p class=\"has-text-align-center\" style=\"font-size:15px\">Pai Cacau III<\/p>\n<\/div>\n<\/div>\n\n\n\n<p style=\"font-size:15px\">Em 11 de agosto vamos busc\u00e1-la para apresent\u00e1-la \u00e0 nossa casa. Tamb\u00e9m ir\u00e1 conhecer os seus outros membros da fam\u00edlia; nossos 2 c\u00e3es pequenos Spike e Rembo (ambos h\u00e1 14 anos), nosso grande lobbus Boef (3 anos e tamb\u00e9m um Rafeiro do Alentejo, mas sem documentos) e os 4 donos da casa, nossos gatos Poes, Meneertje, Mannetje en Kereltje. Haver\u00e1 tamb\u00e9m um 5\u00ba dono, que pode crescer com Chica&#8230;  <\/p>\n\n\n\n<div class=\"wp-block-columns\">\n<div class=\"wp-block-column\" style=\"flex-basis:50%\">\n<p class=\"has-text-align-center\" style=\"font-size:15px\"><img loading=\"lazy\" width=\"605\" height=\"605\" class=\"wp-image-57\" style=\"width: 350px;\" src=\"https:\/\/rafeirosdoalentejo.eu\/pt\/wp-content\/uploads\/sites\/2\/2021\/08\/18-e1629296801423.jpg\" alt=\"Os nossos c\u00e3es\"><\/p>\n\n\n\n<p class=\"has-text-align-center\" style=\"font-size:15px\">Boef, Spike e Rembo<\/p>\n<\/div>\n\n\n\n<div class=\"wp-block-column\" style=\"flex-basis:50%\">\n<p class=\"has-text-align-center\" style=\"font-size:15px\"><img loading=\"lazy\" width=\"1161\" height=\"1161\" class=\"wp-image-58\" style=\"width: 350px;\" src=\"https:\/\/rafeirosdoalentejo.eu\/pt\/wp-content\/uploads\/sites\/2\/2021\/08\/katten.jpg\" alt=\"Os nossos gatos\" srcset=\"https:\/\/rafeirosdoalentejo.eu\/pt\/wp-content\/uploads\/sites\/2\/2021\/08\/katten.jpg 1161w, https:\/\/rafeirosdoalentejo.eu\/pt\/wp-content\/uploads\/sites\/2\/2021\/08\/katten-300x300.jpg 300w, https:\/\/rafeirosdoalentejo.eu\/pt\/wp-content\/uploads\/sites\/2\/2021\/08\/katten-1024x1024.jpg 1024w, https:\/\/rafeirosdoalentejo.eu\/pt\/wp-content\/uploads\/sites\/2\/2021\/08\/katten-150x150.jpg 150w, https:\/\/rafeirosdoalentejo.eu\/pt\/wp-content\/uploads\/sites\/2\/2021\/08\/katten-768x768.jpg 768w, https:\/\/rafeirosdoalentejo.eu\/pt\/wp-content\/uploads\/sites\/2\/2021\/08\/katten-60x60.jpg 60w\" sizes=\"(max-width: 1161px) 100vw, 1161px\" \/><\/p>\n\n\n\n<p class=\"has-text-align-center\" style=\"font-size:15px\">Meneertje, Kereltje, Poes e Mannetje<\/p>\n<\/div>\n<\/div>\n\n\n\n<h6><br><br><br><br><br>Siga a Chica, envie-me automaticamente novas mensagens.<\/h6>\n\n\n","protected":false},"excerpt":{"rendered":"<p>Chica nasceu em 23 de junho de 2021 e ser\u00e1 nosso futuro novo membro da fam\u00edlia. A sua m\u00e3e \u00e9 Rabina da Torre de Palma &hellip; <\/p>\n","protected":false},"author":1,"featured_media":5,"comment_status":"closed","ping_status":"closed","sticky":true,"template":"","format":"standard","meta":[],"categories":[2],"tags":[],"yoast_head":"<!-- This site is optimized with the Yoast SEO plugin v18.1 - https:\/\/yoast.com\/wordpress\/plugins\/seo\/ -->\n<title>Conhe\u00e7a Chica - Rafeiros do Alentejo de o Quintal<\/title>\n<meta name=\"description\" content=\"Conhe\u00e7a Chica, a nossa cachorrinha Rafeiro, no nosso blog desde o momento em que ela se junta \u00e0 nossa fam\u00edlia at\u00e9 \u00e0 sua primeira ninhada\" \/>\n<meta name=\"robots\" content=\"index, follow, max-snippet:-1, max-image-preview:large, max-video-preview:-1\" \/>\n<link rel=\"canonical\" href=\"https:\/\/rafeirosdoalentejo.eu\/pt\/conheca_chica\/\" \/>\n<meta property=\"og:locale\" content=\"pt_PT\" \/>\n<meta property=\"og:type\" content=\"article\" \/>\n<meta property=\"og:title\" content=\"Conhe\u00e7a Chica - Rafeiros do Alentejo de o Quintal\" \/>\n<meta property=\"og:description\" content=\"Conhe\u00e7a Chica, a nossa cachorrinha Rafeiro, no nosso blog desde o momento em que ela se junta \u00e0 nossa fam\u00edlia at\u00e9 \u00e0 sua primeira ninhada\" \/>\n<meta property=\"og:url\" content=\"https:\/\/rafeirosdoalentejo.eu\/pt\/conheca_chica\/\" \/>\n<meta property=\"og:site_name\" content=\"Rafeiros do Alentejo\" \/>\n<meta property=\"article:publisher\" content=\"https:\/\/www.facebook.com\/rafeirosdoalentejo\" \/>\n<meta property=\"article:author\" content=\"https:\/\/www.facebook.com\/rafeirosdoalentejo\" \/>\n<meta property=\"article:published_time\" content=\"2021-08-18T11:21:16+00:00\" \/>\n<meta property=\"article:modified_time\" content=\"2022-08-10T15:33:45+00:00\" \/>\n<meta property=\"og:image\" content=\"https:\/\/rafeirosdoalentejo.eu\/pt\/wp-content\/uploads\/sites\/2\/2021\/08\/2.jpg\" \/>\n\t<meta property=\"og:image:width\" content=\"1077\" \/>\n\t<meta property=\"og:image:height\" content=\"419\" \/>\n\t<meta property=\"og:image:type\" content=\"image\/jpeg\" \/>\n<meta name=\"twitter:card\" content=\"summary_large_image\" \/>\n<meta name=\"twitter:label1\" content=\"Escrito por\" \/>\n\t<meta name=\"twitter:data1\" content=\"pamvz\" \/>\n\t<meta name=\"twitter:label2\" content=\"Tempo estimado de leitura\" \/>\n\t<meta name=\"twitter:data2\" content=\"2 minutos\" \/>\n<script type=\"application\/ld+json\" class=\"yoast-schema-graph\">{\"@context\":\"https:\/\/schema.org\",\"@graph\":[{\"@type\":\"WebSite\",\"@id\":\"https:\/\/rafeirosdoalentejo.eu\/pt\/#website\",\"url\":\"https:\/\/rafeirosdoalentejo.eu\/pt\/\",\"name\":\"Rafeiros do Alentejo\",\"description\":\"O maior e mais belo c\u00e3o de Portugal durante s\u00e9culos\",\"potentialAction\":[{\"@type\":\"SearchAction\",\"target\":{\"@type\":\"EntryPoint\",\"urlTemplate\":\"https:\/\/rafeirosdoalentejo.eu\/pt\/?s={search_term_string}\"},\"query-input\":\"required name=search_term_string\"}],\"inLanguage\":\"pt-PT\"},{\"@type\":\"ImageObject\",\"@id\":\"https:\/\/rafeirosdoalentejo.eu\/pt\/conheca_chica\/#primaryimage\",\"inLanguage\":\"pt-PT\",\"url\":\"https:\/\/rafeirosdoalentejo.eu\/pt\/wp-content\/uploads\/sites\/2\/2021\/08\/2.jpg\",\"contentUrl\":\"https:\/\/rafeirosdoalentejo.eu\/pt\/wp-content\/uploads\/sites\/2\/2021\/08\/2.jpg\",\"width\":1077,\"height\":419,\"caption\":\"Cachorra Chica\"},{\"@type\":\"WebPage\",\"@id\":\"https:\/\/rafeirosdoalentejo.eu\/pt\/conheca_chica\/#webpage\",\"url\":\"https:\/\/rafeirosdoalentejo.eu\/pt\/conheca_chica\/\",\"name\":\"Conhe\u00e7a Chica - Rafeiros do Alentejo de o Quintal\",\"isPartOf\":{\"@id\":\"https:\/\/rafeirosdoalentejo.eu\/pt\/#website\"},\"primaryImageOfPage\":{\"@id\":\"https:\/\/rafeirosdoalentejo.eu\/pt\/conheca_chica\/#primaryimage\"},\"datePublished\":\"2021-08-18T11:21:16+00:00\",\"dateModified\":\"2022-08-10T15:33:45+00:00\",\"author\":{\"@id\":\"https:\/\/rafeirosdoalentejo.eu\/pt\/#\/schema\/person\/c109b45fea113f57904f39d6d2e10fda\"},\"description\":\"Conhe\u00e7a Chica, a nossa cachorrinha Rafeiro, no nosso blog desde o momento em que ela se junta \u00e0 nossa fam\u00edlia at\u00e9 \u00e0 sua primeira ninhada\",\"breadcrumb\":{\"@id\":\"https:\/\/rafeirosdoalentejo.eu\/pt\/conheca_chica\/#breadcrumb\"},\"inLanguage\":\"pt-PT\",\"potentialAction\":[{\"@type\":\"ReadAction\",\"target\":[\"https:\/\/rafeirosdoalentejo.eu\/pt\/conheca_chica\/\"]}]},{\"@type\":\"BreadcrumbList\",\"@id\":\"https:\/\/rafeirosdoalentejo.eu\/pt\/conheca_chica\/#breadcrumb\",\"itemListElement\":[{\"@type\":\"ListItem\",\"position\":1,\"name\":\"Home\",\"item\":\"https:\/\/rafeirosdoalentejo.eu\/pt\/\"},{\"@type\":\"ListItem\",\"position\":2,\"name\":\"Conhe\u00e7a Chica\"}]},{\"@type\":\"Person\",\"@id\":\"https:\/\/rafeirosdoalentejo.eu\/pt\/#\/schema\/person\/c109b45fea113f57904f39d6d2e10fda\",\"name\":\"pamvz\",\"image\":{\"@type\":\"ImageObject\",\"@id\":\"https:\/\/rafeirosdoalentejo.eu\/pt\/#personlogo\",\"inLanguage\":\"pt-PT\",\"url\":\"https:\/\/secure.gravatar.com\/avatar\/6cfdc492d5d13fd0caa0fb9f11c1bba7?s=96&d=mm&r=g\",\"contentUrl\":\"https:\/\/secure.gravatar.com\/avatar\/6cfdc492d5d13fd0caa0fb9f11c1bba7?s=96&d=mm&r=g\",\"caption\":\"pamvz\"},\"sameAs\":[\"https:\/\/rafeirosdoalentejo.eu\/pt\",\"https:\/\/www.facebook.com\/rafeirosdoalentejo\"],\"url\":\"https:\/\/rafeirosdoalentejo.eu\/pt\/author\/pamvz\/\"}]}<\/script>\n<!-- \/ Yoast SEO plugin. -->","yoast_head_json":{"title":"Conhe\u00e7a Chica - Rafeiros do Alentejo de o Quintal","description":"Conhe\u00e7a Chica, a nossa cachorrinha Rafeiro, no nosso blog desde o momento em que ela se junta \u00e0 nossa fam\u00edlia at\u00e9 \u00e0 sua primeira ninhada","robots":{"index":"index","follow":"follow","max-snippet":"max-snippet:-1","max-image-preview":"max-image-preview:large","max-video-preview":"max-video-preview:-1"},"canonical":"https:\/\/rafeirosdoalentejo.eu\/pt\/conheca_chica\/","og_locale":"pt_PT","og_type":"article","og_title":"Conhe\u00e7a Chica - Rafeiros do Alentejo de o Quintal","og_description":"Conhe\u00e7a Chica, a nossa cachorrinha Rafeiro, no nosso blog desde o momento em que ela se junta \u00e0 nossa fam\u00edlia at\u00e9 \u00e0 sua primeira ninhada","og_url":"https:\/\/rafeirosdoalentejo.eu\/pt\/conheca_chica\/","og_site_name":"Rafeiros do Alentejo","article_publisher":"https:\/\/www.facebook.com\/rafeirosdoalentejo","article_author":"https:\/\/www.facebook.com\/rafeirosdoalentejo","article_published_time":"2021-08-18T11:21:16+00:00","article_modified_time":"2022-08-10T15:33:45+00:00","og_image":[{"width":1077,"height":419,"url":"https:\/\/rafeirosdoalentejo.eu\/pt\/wp-content\/uploads\/sites\/2\/2021\/08\/2.jpg","type":"image\/jpeg"}],"twitter_card":"summary_large_image","twitter_misc":{"Escrito por":"pamvz","Tempo estimado de leitura":"2 minutos"},"schema":{"@context":"https:\/\/schema.org","@graph":[{"@type":"WebSite","@id":"https:\/\/rafeirosdoalentejo.eu\/pt\/#website","url":"https:\/\/rafeirosdoalentejo.eu\/pt\/","name":"Rafeiros do Alentejo","description":"O maior e mais belo c\u00e3o de Portugal durante s\u00e9culos","potentialAction":[{"@type":"SearchAction","target":{"@type":"EntryPoint","urlTemplate":"https:\/\/rafeirosdoalentejo.eu\/pt\/?s={search_term_string}"},"query-input":"required name=search_term_string"}],"inLanguage":"pt-PT"},{"@type":"ImageObject","@id":"https:\/\/rafeirosdoalentejo.eu\/pt\/conheca_chica\/#primaryimage","inLanguage":"pt-PT","url":"https:\/\/rafeirosdoalentejo.eu\/pt\/wp-content\/uploads\/sites\/2\/2021\/08\/2.jpg","contentUrl":"https:\/\/rafeirosdoalentejo.eu\/pt\/wp-content\/uploads\/sites\/2\/2021\/08\/2.jpg","width":1077,"height":419,"caption":"Cachorra Chica"},{"@type":"WebPage","@id":"https:\/\/rafeirosdoalentejo.eu\/pt\/conheca_chica\/#webpage","url":"https:\/\/rafeirosdoalentejo.eu\/pt\/conheca_chica\/","name":"Conhe\u00e7a Chica - Rafeiros do Alentejo de o Quintal","isPartOf":{"@id":"https:\/\/rafeirosdoalentejo.eu\/pt\/#website"},"primaryImageOfPage":{"@id":"https:\/\/rafeirosdoalentejo.eu\/pt\/conheca_chica\/#primaryimage"},"datePublished":"2021-08-18T11:21:16+00:00","dateModified":"2022-08-10T15:33:45+00:00","author":{"@id":"https:\/\/rafeirosdoalentejo.eu\/pt\/#\/schema\/person\/c109b45fea113f57904f39d6d2e10fda"},"description":"Conhe\u00e7a Chica, a nossa cachorrinha Rafeiro, no nosso blog desde o momento em que ela se junta \u00e0 nossa fam\u00edlia at\u00e9 \u00e0 sua primeira ninhada","breadcrumb":{"@id":"https:\/\/rafeirosdoalentejo.eu\/pt\/conheca_chica\/#breadcrumb"},"inLanguage":"pt-PT","potentialAction":[{"@type":"ReadAction","target":["https:\/\/rafeirosdoalentejo.eu\/pt\/conheca_chica\/"]}]},{"@type":"BreadcrumbList","@id":"https:\/\/rafeirosdoalentejo.eu\/pt\/conheca_chica\/#breadcrumb","itemListElement":[{"@type":"ListItem","position":1,"name":"Home","item":"https:\/\/rafeirosdoalentejo.eu\/pt\/"},{"@type":"ListItem","position":2,"name":"Conhe\u00e7a Chica"}]},{"@type":"Person","@id":"https:\/\/rafeirosdoalentejo.eu\/pt\/#\/schema\/person\/c109b45fea113f57904f39d6d2e10fda","name":"pamvz","image":{"@type":"ImageObject","@id":"https:\/\/rafeirosdoalentejo.eu\/pt\/#personlogo","inLanguage":"pt-PT","url":"https:\/\/secure.gravatar.com\/avatar\/6cfdc492d5d13fd0caa0fb9f11c1bba7?s=96&d=mm&r=g","contentUrl":"https:\/\/secure.gravatar.com\/avatar\/6cfdc492d5d13fd0caa0fb9f11c1bba7?s=96&d=mm&r=g","caption":"pamvz"},"sameAs":["https:\/\/rafeirosdoalentejo.eu\/pt","https:\/\/www.facebook.com\/rafeirosdoalentejo"],"url":"https:\/\/rafeirosdoalentejo.eu\/pt\/author\/pamvz\/"}]}},"_links":{"self":[{"href":"https:\/\/rafeirosdoalentejo.eu\/pt\/wp-json\/wp\/v2\/posts\/1"}],"collection":[{"href":"https:\/\/rafeirosdoalentejo.eu\/pt\/wp-json\/wp\/v2\/posts"}],"about":[{"href":"https:\/\/rafeirosdoalentejo.eu\/pt\/wp-json\/wp\/v2\/types\/post"}],"author":[{"embeddable":true,"href":"https:\/\/rafeirosdoalentejo.eu\/pt\/wp-json\/wp\/v2\/users\/1"}],"replies":[{"embeddable":true,"href":"https:\/\/rafeirosdoalentejo.eu\/pt\/wp-json\/wp\/v2\/comments?post=1"}],"version-history":[{"count":9,"href":"https:\/\/rafeirosdoalentejo.eu\/pt\/wp-json\/wp\/v2\/posts\/1\/revisions"}],"predecessor-version":[{"id":137,"href":"https:\/\/rafeirosdoalentejo.eu\/pt\/wp-json\/wp\/v2\/posts\/1\/revisions\/137"}],"wp:featuredmedia":[{"embeddable":true,"href":"https:\/\/rafeirosdoalentejo.eu\/pt\/wp-json\/wp\/v2\/media\/5"}],"wp:attachment":[{"href":"https:\/\/rafeirosdoalentejo.eu\/pt\/wp-json\/wp\/v2\/media?parent=1"}],"wp:term":[{"taxonomy":"category","embeddable":true,"href":"https:\/\/rafeirosdoalentejo.eu\/pt\/wp-json\/wp\/v2\/categories?post=1"},{"taxonomy":"post_tag","embeddable":true,"href":"https:\/\/rafeirosdoalentejo.eu\/pt\/wp-json\/wp\/v2\/tags?post=1"}],"curies":[{"name":"wp","href":"https:\/\/api.w.org\/{rel}","templated":true}]}}