{"id":146,"date":"2021-09-29T14:10:39","date_gmt":"2021-09-29T13:10:39","guid":{"rendered":"https:\/\/rafeirosdoalentejo.eu\/pt\/?p=146"},"modified":"2022-08-10T16:34:03","modified_gmt":"2022-08-10T15:34:03","slug":"crescer_tao_rapido","status":"publish","type":"post","link":"https:\/\/rafeirosdoalentejo.eu\/pt\/crescer_tao_rapido\/","title":{"rendered":"Est\u00e1 a crescer t\u00e3o r\u00e1pido&#8230;"},"content":{"rendered":"\n<p style=\"font-size:15px\">Chica est\u00e1 a crescer t\u00e3o r\u00e1pido, quase diariamente vemos que ela \u00e9 um pouco maior novamente. Chica tem agora 14 semanas de vida e vemo-la crescer todos os dias. Ela tamb\u00e9m est\u00e1 a come\u00e7ar a ficar um pouco mais calma, ela est\u00e1 claramente a assumir os bons sinais dos outros c\u00e3es. Recentemente, ela ficou muito entusiasmada quando recebeu uma guloseima de c\u00e3o pela manh\u00e3, saltando para tr\u00e1s e para a frente, como seria de esperar de um c\u00e3o jovem. Agora senta-se bem e leva a guloseima com calma, tal como os outros c\u00e3es sempre fazem.<\/p>\n\n\n\n<p>O nosso pack como exemplo<\/p>\n\n\n\n<p style=\"font-size:15px\">Al\u00e9m disso, Boef e Chica sentam-se frequentemente juntos a olhar para a port\u00e3o e a guardar, t\u00e3o giro de se ver. \u00c9 realmente claro que o pack tem uma influ\u00eancia muito positiva na educa\u00e7\u00e3o.<\/p>\n\n\n\n<p style=\"font-size:15px\">\u00c9 claro que j\u00e1 come\u00e7\u00e1mos a aprender os comandos necess\u00e1rios, pelo que &#8216;zit&#8217; (sentar) tem tido bastante sucesso, &#8216;af&#8217; (deitar) seguir\u00e1 e &#8216;aqui&#8217;, em particular, ser\u00e1 um desafio.<\/p>\n\n\n\n<p style=\"font-size:15px\">Chica est\u00e1 tamb\u00e9m a jogar cada vez menos precipitadamente com Cheeta (se esse ser\u00e1 o nome final para este pequeno terrorista continua a ser a quest\u00e3o. Estamos a pensar mais na Cruela ou algo do g\u00e9nero\u2026). No passado ela podia saltar sobre aquela pequenina com duas pernas ao mesmo tempo, mas a Cheeta ainda parece ser demasiado r\u00e1pida. Ela tamb\u00e9m est\u00e1 a come\u00e7ar a defender-se bem agora e, por isso, Chica ret\u00e9m-se um pouco mais..<\/p>\n\n\n\n<div class=\"wp-block-columns\">\n<div class=\"wp-block-column\" style=\"flex-basis:50%\">\n<p><img class=\"wp-image-743\" style=\"width: 350px;\" src=\"https:\/\/rafeirosdoalentejo.eu\/wp-content\/uploads\/2021\/09\/20210911_182958.jpg\" alt=\"Boef met Chica\"><\/p>\n\n\n\n<p><img class=\"wp-image-748\" style=\"width: 350px;\" src=\"https:\/\/rafeirosdoalentejo.eu\/wp-content\/uploads\/2021\/09\/20210915_171105.jpg\" alt=\"Etenstijd\"><\/p>\n\n\n\n<p class=\"has-text-align-center\" style=\"font-size:15px\">15-09-2021<\/p>\n<\/div>\n\n\n\n<div class=\"wp-block-column\" style=\"flex-basis:50%\">\n<p><img class=\"wp-image-745\" style=\"width: 350px;\" src=\"https:\/\/rafeirosdoalentejo.eu\/wp-content\/uploads\/2021\/09\/20210917_110617.jpg\" alt=\"\"><\/p>\n\n\n\n<p><img class=\"wp-image-746\" style=\"width: 350px;\" src=\"https:\/\/rafeirosdoalentejo.eu\/wp-content\/uploads\/2021\/09\/20210920_170638.jpg\" alt=\"Samen eten\"><\/p>\n\n\n\n<p class=\"has-text-align-center\" style=\"font-size:15px\">20-09-2021<\/p>\n<\/div>\n<\/div>\n\n\n\n<p style=\"font-size:15px\">Depois Cheeta\u2026 como disse acima, a nossa pequena terrorista. Uma vez que est\u00e1 completamente recuperada, est\u00e1 especialmente a explorar, a correr, a tornar as coisas inseguras e a desafiar tudo e todos. Encantador!<br>Al\u00e9m disso, ela \u00e9 muito livre. Ela quer estar constantemente perto de um de n\u00f3s, no computador senta-se no meu ombro e \u00e0 noite deita-se entre n\u00f3s. Os nossos outros gatos est\u00e3o lentamente a come\u00e7ar a aceit\u00e1-la tamb\u00e9m. Especialmente para Poes j\u00e1 n\u00e3o \u00e9 um problema, ela pode mesmo vir e deitar-se com eles\u2026<br>Isto vai certamente tornar-se um gato muito simp\u00e1tico e soci\u00e1vel!<\/p>\n\n\n\n<div class=\"wp-block-columns\">\n<div class=\"wp-block-column\" style=\"flex-basis:50%\">\n<figure class=\"wp-block-embed is-type-video is-provider-youtube wp-block-embed-youtube wp-embed-aspect-16-9 wp-has-aspect-ratio\"><div class=\"wp-block-embed__wrapper\">\n<iframe loading=\"lazy\" title=\"Stoer doen\" width=\"840\" height=\"473\" src=\"https:\/\/www.youtube.com\/embed\/exuApGY0Flw?feature=oembed\" frameborder=\"0\" allow=\"accelerometer; autoplay; clipboard-write; encrypted-media; gyroscope; picture-in-picture\" allowfullscreen><\/iframe>\n<\/div><\/figure>\n<\/div>\n\n\n\n<div class=\"wp-block-column\" style=\"flex-basis:50%\">\n<figure class=\"wp-block-embed is-type-video is-provider-youtube wp-block-embed-youtube wp-embed-aspect-16-9 wp-has-aspect-ratio\"><div class=\"wp-block-embed__wrapper\">\n<iframe loading=\"lazy\" title=\"Knikkerbaan ontdekt\" width=\"840\" height=\"473\" src=\"https:\/\/www.youtube.com\/embed\/xGjKMhhz29Y?feature=oembed\" frameborder=\"0\" allow=\"accelerometer; autoplay; clipboard-write; encrypted-media; gyroscope; picture-in-picture\" allowfullscreen><\/iframe>\n<\/div><\/figure>\n<\/div>\n<\/div>\n","protected":false},"excerpt":{"rendered":"<p>Chica est\u00e1 a crescer t\u00e3o r\u00e1pido, quase diariamente vemos que ela \u00e9 um pouco maior novamente. Chica tem agora 14 semanas de vida e vemo-la &hellip; <\/p>\n","protected":false},"author":1,"featured_media":151,"comment_status":"closed","ping_status":"closed","sticky":false,"template":"","format":"standard","meta":[],"categories":[2],"tags":[],"yoast_head":"<!-- This site is optimized with the Yoast SEO plugin v18.1 - https:\/\/yoast.com\/wordpress\/plugins\/seo\/ -->\n<title>Est\u00e1 a crescer t\u00e3o r\u00e1pido... - Rafeiros do Alentejo - o Quintal<\/title>\n<meta name=\"description\" content=\"Chica est\u00e1 a crescer t\u00e3o r\u00e1pido e \u00e9 agora totalmente aceite na nossa fam\u00edlia. Ela diverte-se na nossa propriedade e aprende com Boef.\" \/>\n<meta name=\"robots\" content=\"index, follow, max-snippet:-1, max-image-preview:large, max-video-preview:-1\" \/>\n<link rel=\"canonical\" href=\"https:\/\/rafeirosdoalentejo.eu\/pt\/crescer_tao_rapido\/\" \/>\n<meta property=\"og:locale\" content=\"pt_PT\" \/>\n<meta property=\"og:type\" content=\"article\" \/>\n<meta property=\"og:title\" content=\"Est\u00e1 a crescer t\u00e3o r\u00e1pido... - Rafeiros do Alentejo - o Quintal\" \/>\n<meta property=\"og:description\" content=\"Chica est\u00e1 a crescer t\u00e3o r\u00e1pido e \u00e9 agora totalmente aceite na nossa fam\u00edlia. Ela diverte-se na nossa propriedade e aprende com Boef.\" \/>\n<meta property=\"og:url\" content=\"https:\/\/rafeirosdoalentejo.eu\/pt\/crescer_tao_rapido\/\" \/>\n<meta property=\"og:site_name\" content=\"Rafeiros do Alentejo\" \/>\n<meta property=\"article:publisher\" content=\"https:\/\/www.facebook.com\/rafeirosdoalentejo\" \/>\n<meta property=\"article:author\" content=\"https:\/\/www.facebook.com\/rafeirosdoalentejo\" \/>\n<meta property=\"article:published_time\" content=\"2021-09-29T13:10:39+00:00\" \/>\n<meta property=\"article:modified_time\" content=\"2022-08-10T15:34:03+00:00\" \/>\n<meta property=\"og:image\" content=\"https:\/\/rafeirosdoalentejo.eu\/pt\/wp-content\/uploads\/sites\/2\/2021\/09\/20210911_233952.jpg\" \/>\n\t<meta property=\"og:image:width\" content=\"800\" \/>\n\t<meta property=\"og:image:height\" content=\"370\" \/>\n\t<meta property=\"og:image:type\" content=\"image\/jpeg\" \/>\n<meta name=\"twitter:card\" content=\"summary_large_image\" \/>\n<meta name=\"twitter:label1\" content=\"Escrito por\" \/>\n\t<meta name=\"twitter:data1\" content=\"pamvz\" \/>\n\t<meta name=\"twitter:label2\" content=\"Tempo estimado de leitura\" \/>\n\t<meta name=\"twitter:data2\" content=\"3 minutos\" \/>\n<script type=\"application\/ld+json\" class=\"yoast-schema-graph\">{\"@context\":\"https:\/\/schema.org\",\"@graph\":[{\"@type\":\"WebSite\",\"@id\":\"https:\/\/rafeirosdoalentejo.eu\/pt\/#website\",\"url\":\"https:\/\/rafeirosdoalentejo.eu\/pt\/\",\"name\":\"Rafeiros do Alentejo\",\"description\":\"O maior e mais belo c\u00e3o de Portugal durante s\u00e9culos\",\"potentialAction\":[{\"@type\":\"SearchAction\",\"target\":{\"@type\":\"EntryPoint\",\"urlTemplate\":\"https:\/\/rafeirosdoalentejo.eu\/pt\/?s={search_term_string}\"},\"query-input\":\"required name=search_term_string\"}],\"inLanguage\":\"pt-PT\"},{\"@type\":\"ImageObject\",\"@id\":\"https:\/\/rafeirosdoalentejo.eu\/pt\/crescer_tao_rapido\/#primaryimage\",\"inLanguage\":\"pt-PT\",\"url\":\"https:\/\/rafeirosdoalentejo.eu\/pt\/wp-content\/uploads\/sites\/2\/2021\/09\/20210911_233952.jpg\",\"contentUrl\":\"https:\/\/rafeirosdoalentejo.eu\/pt\/wp-content\/uploads\/sites\/2\/2021\/09\/20210911_233952.jpg\",\"width\":800,\"height\":370,\"caption\":\"Op schoot\"},{\"@type\":\"WebPage\",\"@id\":\"https:\/\/rafeirosdoalentejo.eu\/pt\/crescer_tao_rapido\/#webpage\",\"url\":\"https:\/\/rafeirosdoalentejo.eu\/pt\/crescer_tao_rapido\/\",\"name\":\"Est\u00e1 a crescer t\u00e3o r\u00e1pido... - Rafeiros do Alentejo - o Quintal\",\"isPartOf\":{\"@id\":\"https:\/\/rafeirosdoalentejo.eu\/pt\/#website\"},\"primaryImageOfPage\":{\"@id\":\"https:\/\/rafeirosdoalentejo.eu\/pt\/crescer_tao_rapido\/#primaryimage\"},\"datePublished\":\"2021-09-29T13:10:39+00:00\",\"dateModified\":\"2022-08-10T15:34:03+00:00\",\"author\":{\"@id\":\"https:\/\/rafeirosdoalentejo.eu\/pt\/#\/schema\/person\/c109b45fea113f57904f39d6d2e10fda\"},\"description\":\"Chica est\u00e1 a crescer t\u00e3o r\u00e1pido e \u00e9 agora totalmente aceite na nossa fam\u00edlia. Ela diverte-se na nossa propriedade e aprende com Boef.\",\"breadcrumb\":{\"@id\":\"https:\/\/rafeirosdoalentejo.eu\/pt\/crescer_tao_rapido\/#breadcrumb\"},\"inLanguage\":\"pt-PT\",\"potentialAction\":[{\"@type\":\"ReadAction\",\"target\":[\"https:\/\/rafeirosdoalentejo.eu\/pt\/crescer_tao_rapido\/\"]}]},{\"@type\":\"BreadcrumbList\",\"@id\":\"https:\/\/rafeirosdoalentejo.eu\/pt\/crescer_tao_rapido\/#breadcrumb\",\"itemListElement\":[{\"@type\":\"ListItem\",\"position\":1,\"name\":\"Home\",\"item\":\"https:\/\/rafeirosdoalentejo.eu\/pt\/\"},{\"@type\":\"ListItem\",\"position\":2,\"name\":\"Est\u00e1 a crescer t\u00e3o r\u00e1pido&#8230;\"}]},{\"@type\":\"Person\",\"@id\":\"https:\/\/rafeirosdoalentejo.eu\/pt\/#\/schema\/person\/c109b45fea113f57904f39d6d2e10fda\",\"name\":\"pamvz\",\"image\":{\"@type\":\"ImageObject\",\"@id\":\"https:\/\/rafeirosdoalentejo.eu\/pt\/#personlogo\",\"inLanguage\":\"pt-PT\",\"url\":\"https:\/\/secure.gravatar.com\/avatar\/6cfdc492d5d13fd0caa0fb9f11c1bba7?s=96&d=mm&r=g\",\"contentUrl\":\"https:\/\/secure.gravatar.com\/avatar\/6cfdc492d5d13fd0caa0fb9f11c1bba7?s=96&d=mm&r=g\",\"caption\":\"pamvz\"},\"sameAs\":[\"https:\/\/rafeirosdoalentejo.eu\/pt\",\"https:\/\/www.facebook.com\/rafeirosdoalentejo\"],\"url\":\"https:\/\/rafeirosdoalentejo.eu\/pt\/author\/pamvz\/\"}]}<\/script>\n<!-- \/ Yoast SEO plugin. -->","yoast_head_json":{"title":"Est\u00e1 a crescer t\u00e3o r\u00e1pido... - Rafeiros do Alentejo - o Quintal","description":"Chica est\u00e1 a crescer t\u00e3o r\u00e1pido e \u00e9 agora totalmente aceite na nossa fam\u00edlia. Ela diverte-se na nossa propriedade e aprende com Boef.","robots":{"index":"index","follow":"follow","max-snippet":"max-snippet:-1","max-image-preview":"max-image-preview:large","max-video-preview":"max-video-preview:-1"},"canonical":"https:\/\/rafeirosdoalentejo.eu\/pt\/crescer_tao_rapido\/","og_locale":"pt_PT","og_type":"article","og_title":"Est\u00e1 a crescer t\u00e3o r\u00e1pido... - Rafeiros do Alentejo - o Quintal","og_description":"Chica est\u00e1 a crescer t\u00e3o r\u00e1pido e \u00e9 agora totalmente aceite na nossa fam\u00edlia. Ela diverte-se na nossa propriedade e aprende com Boef.","og_url":"https:\/\/rafeirosdoalentejo.eu\/pt\/crescer_tao_rapido\/","og_site_name":"Rafeiros do Alentejo","article_publisher":"https:\/\/www.facebook.com\/rafeirosdoalentejo","article_author":"https:\/\/www.facebook.com\/rafeirosdoalentejo","article_published_time":"2021-09-29T13:10:39+00:00","article_modified_time":"2022-08-10T15:34:03+00:00","og_image":[{"width":800,"height":370,"url":"https:\/\/rafeirosdoalentejo.eu\/pt\/wp-content\/uploads\/sites\/2\/2021\/09\/20210911_233952.jpg","type":"image\/jpeg"}],"twitter_card":"summary_large_image","twitter_misc":{"Escrito por":"pamvz","Tempo estimado de leitura":"3 minutos"},"schema":{"@context":"https:\/\/schema.org","@graph":[{"@type":"WebSite","@id":"https:\/\/rafeirosdoalentejo.eu\/pt\/#website","url":"https:\/\/rafeirosdoalentejo.eu\/pt\/","name":"Rafeiros do Alentejo","description":"O maior e mais belo c\u00e3o de Portugal durante s\u00e9culos","potentialAction":[{"@type":"SearchAction","target":{"@type":"EntryPoint","urlTemplate":"https:\/\/rafeirosdoalentejo.eu\/pt\/?s={search_term_string}"},"query-input":"required name=search_term_string"}],"inLanguage":"pt-PT"},{"@type":"ImageObject","@id":"https:\/\/rafeirosdoalentejo.eu\/pt\/crescer_tao_rapido\/#primaryimage","inLanguage":"pt-PT","url":"https:\/\/rafeirosdoalentejo.eu\/pt\/wp-content\/uploads\/sites\/2\/2021\/09\/20210911_233952.jpg","contentUrl":"https:\/\/rafeirosdoalentejo.eu\/pt\/wp-content\/uploads\/sites\/2\/2021\/09\/20210911_233952.jpg","width":800,"height":370,"caption":"Op schoot"},{"@type":"WebPage","@id":"https:\/\/rafeirosdoalentejo.eu\/pt\/crescer_tao_rapido\/#webpage","url":"https:\/\/rafeirosdoalentejo.eu\/pt\/crescer_tao_rapido\/","name":"Est\u00e1 a crescer t\u00e3o r\u00e1pido... - Rafeiros do Alentejo - o Quintal","isPartOf":{"@id":"https:\/\/rafeirosdoalentejo.eu\/pt\/#website"},"primaryImageOfPage":{"@id":"https:\/\/rafeirosdoalentejo.eu\/pt\/crescer_tao_rapido\/#primaryimage"},"datePublished":"2021-09-29T13:10:39+00:00","dateModified":"2022-08-10T15:34:03+00:00","author":{"@id":"https:\/\/rafeirosdoalentejo.eu\/pt\/#\/schema\/person\/c109b45fea113f57904f39d6d2e10fda"},"description":"Chica est\u00e1 a crescer t\u00e3o r\u00e1pido e \u00e9 agora totalmente aceite na nossa fam\u00edlia. Ela diverte-se na nossa propriedade e aprende com Boef.","breadcrumb":{"@id":"https:\/\/rafeirosdoalentejo.eu\/pt\/crescer_tao_rapido\/#breadcrumb"},"inLanguage":"pt-PT","potentialAction":[{"@type":"ReadAction","target":["https:\/\/rafeirosdoalentejo.eu\/pt\/crescer_tao_rapido\/"]}]},{"@type":"BreadcrumbList","@id":"https:\/\/rafeirosdoalentejo.eu\/pt\/crescer_tao_rapido\/#breadcrumb","itemListElement":[{"@type":"ListItem","position":1,"name":"Home","item":"https:\/\/rafeirosdoalentejo.eu\/pt\/"},{"@type":"ListItem","position":2,"name":"Est\u00e1 a crescer t\u00e3o r\u00e1pido&#8230;"}]},{"@type":"Person","@id":"https:\/\/rafeirosdoalentejo.eu\/pt\/#\/schema\/person\/c109b45fea113f57904f39d6d2e10fda","name":"pamvz","image":{"@type":"ImageObject","@id":"https:\/\/rafeirosdoalentejo.eu\/pt\/#personlogo","inLanguage":"pt-PT","url":"https:\/\/secure.gravatar.com\/avatar\/6cfdc492d5d13fd0caa0fb9f11c1bba7?s=96&d=mm&r=g","contentUrl":"https:\/\/secure.gravatar.com\/avatar\/6cfdc492d5d13fd0caa0fb9f11c1bba7?s=96&d=mm&r=g","caption":"pamvz"},"sameAs":["https:\/\/rafeirosdoalentejo.eu\/pt","https:\/\/www.facebook.com\/rafeirosdoalentejo"],"url":"https:\/\/rafeirosdoalentejo.eu\/pt\/author\/pamvz\/"}]}},"_links":{"self":[{"href":"https:\/\/rafeirosdoalentejo.eu\/pt\/wp-json\/wp\/v2\/posts\/146"}],"collection":[{"href":"https:\/\/rafeirosdoalentejo.eu\/pt\/wp-json\/wp\/v2\/posts"}],"about":[{"href":"https:\/\/rafeirosdoalentejo.eu\/pt\/wp-json\/wp\/v2\/types\/post"}],"author":[{"embeddable":true,"href":"https:\/\/rafeirosdoalentejo.eu\/pt\/wp-json\/wp\/v2\/users\/1"}],"replies":[{"embeddable":true,"href":"https:\/\/rafeirosdoalentejo.eu\/pt\/wp-json\/wp\/v2\/comments?post=146"}],"version-history":[{"count":2,"href":"https:\/\/rafeirosdoalentejo.eu\/pt\/wp-json\/wp\/v2\/posts\/146\/revisions"}],"predecessor-version":[{"id":148,"href":"https:\/\/rafeirosdoalentejo.eu\/pt\/wp-json\/wp\/v2\/posts\/146\/revisions\/148"}],"wp:featuredmedia":[{"embeddable":true,"href":"https:\/\/rafeirosdoalentejo.eu\/pt\/wp-json\/wp\/v2\/media\/151"}],"wp:attachment":[{"href":"https:\/\/rafeirosdoalentejo.eu\/pt\/wp-json\/wp\/v2\/media?parent=146"}],"wp:term":[{"taxonomy":"category","embeddable":true,"href":"https:\/\/rafeirosdoalentejo.eu\/pt\/wp-json\/wp\/v2\/categories?post=146"},{"taxonomy":"post_tag","embeddable":true,"href":"https:\/\/rafeirosdoalentejo.eu\/pt\/wp-json\/wp\/v2\/tags?post=146"}],"curies":[{"name":"wp","href":"https:\/\/api.w.org\/{rel}","templated":true}]}}