{"id":155,"date":"2021-11-06T17:57:27","date_gmt":"2021-11-06T17:57:27","guid":{"rendered":"https:\/\/rafeirosdoalentejo.eu\/pt\/?p=155"},"modified":"2022-08-10T16:33:55","modified_gmt":"2022-08-10T15:33:55","slug":"7_kilos_em_5-semanas","status":"publish","type":"post","link":"https:\/\/rafeirosdoalentejo.eu\/pt\/7_kilos_em_5-semanas\/","title":{"rendered":"7 Kilos em 5 semanas!"},"content":{"rendered":"\n<p style=\"font-size:15px\">Na semana passada, a \u00faltima vacina\u00e7\u00e3o para Chica. Ela est\u00e1 a crescer bem, pesava 18 quilos e isso foi h\u00e1 mais de 7 quilos h\u00e1 mais de 5 semanas, por isso um grande surto de crescimento!<br>Ela \u00e9 t\u00e3o ador\u00e1vel, doce, fofinha, mas oh t\u00e3o marota. Ela tem o h\u00e1bito irritante de ficar de p\u00e9 nas patas traseiras contra a mesa (e recentemente no lava-loi\u00e7a). Na nossa mesa est\u00e3o os tabuleiros da ninhada, apenas para evitar que sejam roubados pelos c\u00e3es. Bem, Chica tem a solu\u00e7\u00e3o para isso\u2026 Muito irritante e n\u00e3o podemos desaprend\u00ea-lo (ainda).<\/p>\n\n\n\n<p style=\"font-size:15px\">Para nossa surpresa, ela ouve muito bem o &#8220;aqui&#8221;. Este \u00e9 o comando mais importante, por isso estamos muito satisfeitos com isso. Cada vez que ela vem limpo, ainda penso, oh, deve ser um erro e apenas uma coincid\u00eancia que ela vem limpo. Mas, na verdade, ela vem sempre com a mesma facilidade!<\/p>\n\n\n\n<p style=\"font-size:15px\">Outra coisa de que ela tem de se livrar \u00e9 de saltar contra todos quando entra na sala. Claro que \u00e9 giro, esse entusiasmo, mas quando em breve pesar\u00e1 35\/40 quilos, j\u00e1 n\u00e3o \u00e9 t\u00e3o giro. Portanto, livre-se dele!<\/p>\n\n\n\n<p style=\"font-size:15px\">Chica tamb\u00e9m j\u00e1 esteve fora algumas vezes para trabalhar na sua socializa\u00e7\u00e3o e isso corre na perfei\u00e7\u00e3o. Ela caminha bem ao meu lado na pista e deita-se quando necess\u00e1rio. Muito bem! N\u00e3o que ela venha a ser retirada frequentemente no futuro, mas temos de nos habituar a ela. Os passeios no carro tamb\u00e9m n\u00e3o s\u00e3o problema. Ela tamb\u00e9m est\u00e1 calma e felizmente n\u00e3o adoece de carro, o que \u00e9 muito conveniente.<\/p>\n\n\n\n<h6>A Cheeta mudou para Spook<\/h6>\n\n\n\n<p style=\"font-size:15px\">Ao nosso outro terrorista foi dado o nome definitivo &#8216;Spook&#8217; (A tradu\u00e7\u00e3o directa \u00e9 fantasma, mas em holand\u00eas tamb\u00e9m significa algo como &#8220;bruxa&#8221;). E uma bruxa que ela \u00e9! Realmente sem medo de nada e de ningu\u00e9m, ela agora tamb\u00e9m come\u00e7a a desafiar Chica e assim que um dos outros gatos entra, ela normalmente tamb\u00e9m \u00e9 atacada. Agora que fica um pouco mais fresco \u00e0 noite, quase todos os gatos entram e come\u00e7am a aceitar o Spook um pouco mais, o que tamb\u00e9m \u00e9 agrad\u00e1vel. O Mannetje at\u00e9 se deitou comigo algumas vezes durante a noite, que foi h\u00e1 cerca de 4 meses atr\u00e1s pela \u00faltima vez (antes de Spook ter entrado).<br>O grande quadro no topo deste posto, foi a primeira vez que Chica e Spook dormiram juntos, que engra\u00e7ado\u2026<\/p>\n\n\n\n<div class=\"wp-block-columns\">\n<div class=\"wp-block-column\" style=\"flex-basis:50%\">\n<p><img loading=\"lazy\" width=\"800\" height=\"370\" class=\"wp-image-152\" style=\"width: 450px;\" src=\"https:\/\/rafeirosdoalentejo.eu\/pt\/wp-content\/uploads\/sites\/2\/2021\/09\/20210915_171105.jpg\" alt=\"Jantar\" srcset=\"https:\/\/rafeirosdoalentejo.eu\/pt\/wp-content\/uploads\/sites\/2\/2021\/09\/20210915_171105.jpg 800w, https:\/\/rafeirosdoalentejo.eu\/pt\/wp-content\/uploads\/sites\/2\/2021\/09\/20210915_171105-300x139.jpg 300w, https:\/\/rafeirosdoalentejo.eu\/pt\/wp-content\/uploads\/sites\/2\/2021\/09\/20210915_171105-768x355.jpg 768w, https:\/\/rafeirosdoalentejo.eu\/pt\/wp-content\/uploads\/sites\/2\/2021\/09\/20210915_171105-130x60.jpg 130w\" sizes=\"(max-width: 800px) 100vw, 800px\" \/><\/p>\n\n\n\n<p class=\"has-text-align-center\">09-10-2021<\/p>\n<\/div>\n\n\n\n<div class=\"wp-block-column\" style=\"flex-basis:50%\">\n<p><img loading=\"lazy\" width=\"800\" height=\"370\" class=\"wp-image-153\" style=\"width: 450px;\" src=\"https:\/\/rafeirosdoalentejo.eu\/pt\/wp-content\/uploads\/sites\/2\/2021\/09\/20210920_170638.jpg\" alt=\"Jantar\" srcset=\"https:\/\/rafeirosdoalentejo.eu\/pt\/wp-content\/uploads\/sites\/2\/2021\/09\/20210920_170638.jpg 800w, https:\/\/rafeirosdoalentejo.eu\/pt\/wp-content\/uploads\/sites\/2\/2021\/09\/20210920_170638-300x139.jpg 300w, https:\/\/rafeirosdoalentejo.eu\/pt\/wp-content\/uploads\/sites\/2\/2021\/09\/20210920_170638-768x355.jpg 768w, https:\/\/rafeirosdoalentejo.eu\/pt\/wp-content\/uploads\/sites\/2\/2021\/09\/20210920_170638-130x60.jpg 130w\" sizes=\"(max-width: 800px) 100vw, 800px\" \/><\/p>\n\n\n\n<p class=\"has-text-align-center\">02-11-2021<\/p>\n<\/div>\n<\/div>\n\n\n\n<figure class=\"wp-block-embed is-type-video is-provider-youtube wp-block-embed-youtube wp-embed-aspect-16-9 wp-has-aspect-ratio\"><div class=\"wp-block-embed__wrapper\">\n<iframe loading=\"lazy\" title=\"Boef en Chica\" width=\"840\" height=\"473\" src=\"https:\/\/www.youtube.com\/embed\/3ftL4qp-hX0?feature=oembed\" frameborder=\"0\" allow=\"accelerometer; autoplay; clipboard-write; encrypted-media; gyroscope; picture-in-picture\" allowfullscreen><\/iframe>\n<\/div><\/figure>\n","protected":false},"excerpt":{"rendered":"<p>Na semana passada, a \u00faltima vacina\u00e7\u00e3o para Chica. Ela est\u00e1 a crescer bem, pesava 18 quilos e isso foi h\u00e1 mais de 7 quilos h\u00e1 &hellip; <\/p>\n","protected":false},"author":1,"featured_media":0,"comment_status":"closed","ping_status":"closed","sticky":false,"template":"","format":"standard","meta":[],"categories":[2],"tags":[],"yoast_head":"<!-- This site is optimized with the Yoast SEO plugin v18.1 - https:\/\/yoast.com\/wordpress\/plugins\/seo\/ -->\n<title>7 Kilos em 5 semanas! - Rafeiros do Alentejo<\/title>\n<meta name=\"description\" content=\"A Chica est\u00e1 a crescer bem, pesava 18 quilos e isso foi h\u00e1 mais de 7 kilos h\u00e1 mais de 5 semanas, por isso um grande surto de crescimento!\" \/>\n<meta name=\"robots\" content=\"index, follow, max-snippet:-1, max-image-preview:large, max-video-preview:-1\" \/>\n<link rel=\"canonical\" href=\"https:\/\/rafeirosdoalentejo.eu\/pt\/7_kilos_em_5-semanas\/\" \/>\n<meta property=\"og:locale\" content=\"pt_PT\" \/>\n<meta property=\"og:type\" content=\"article\" \/>\n<meta property=\"og:title\" content=\"7 Kilos em 5 semanas! - Rafeiros do Alentejo\" \/>\n<meta property=\"og:description\" content=\"A Chica est\u00e1 a crescer bem, pesava 18 quilos e isso foi h\u00e1 mais de 7 kilos h\u00e1 mais de 5 semanas, por isso um grande surto de crescimento!\" \/>\n<meta property=\"og:url\" content=\"https:\/\/rafeirosdoalentejo.eu\/pt\/7_kilos_em_5-semanas\/\" \/>\n<meta property=\"og:site_name\" content=\"Rafeiros do Alentejo\" \/>\n<meta property=\"article:publisher\" content=\"https:\/\/www.facebook.com\/rafeirosdoalentejo\" \/>\n<meta property=\"article:author\" content=\"https:\/\/www.facebook.com\/rafeirosdoalentejo\" \/>\n<meta property=\"article:published_time\" content=\"2021-11-06T17:57:27+00:00\" \/>\n<meta property=\"article:modified_time\" content=\"2022-08-10T15:33:55+00:00\" \/>\n<meta property=\"og:image\" content=\"https:\/\/rafeirosdoalentejo.eu\/pt\/wp-content\/uploads\/sites\/2\/2021\/09\/20210915_171105.jpg\" \/>\n<meta name=\"twitter:card\" content=\"summary_large_image\" \/>\n<meta name=\"twitter:label1\" content=\"Escrito por\" \/>\n\t<meta name=\"twitter:data1\" content=\"pamvz\" \/>\n\t<meta name=\"twitter:label2\" content=\"Tempo estimado de leitura\" \/>\n\t<meta name=\"twitter:data2\" content=\"3 minutos\" \/>\n<script type=\"application\/ld+json\" class=\"yoast-schema-graph\">{\"@context\":\"https:\/\/schema.org\",\"@graph\":[{\"@type\":\"WebSite\",\"@id\":\"https:\/\/rafeirosdoalentejo.eu\/pt\/#website\",\"url\":\"https:\/\/rafeirosdoalentejo.eu\/pt\/\",\"name\":\"Rafeiros do Alentejo\",\"description\":\"O maior e mais belo c\u00e3o de Portugal durante s\u00e9culos\",\"potentialAction\":[{\"@type\":\"SearchAction\",\"target\":{\"@type\":\"EntryPoint\",\"urlTemplate\":\"https:\/\/rafeirosdoalentejo.eu\/pt\/?s={search_term_string}\"},\"query-input\":\"required name=search_term_string\"}],\"inLanguage\":\"pt-PT\"},{\"@type\":\"ImageObject\",\"@id\":\"https:\/\/rafeirosdoalentejo.eu\/pt\/7_kilos_em_5-semanas\/#primaryimage\",\"inLanguage\":\"pt-PT\",\"url\":\"https:\/\/rafeirosdoalentejo.eu\/pt\/wp-content\/uploads\/sites\/2\/2021\/09\/20210915_171105.jpg\",\"contentUrl\":\"https:\/\/rafeirosdoalentejo.eu\/pt\/wp-content\/uploads\/sites\/2\/2021\/09\/20210915_171105.jpg\",\"width\":800,\"height\":370,\"caption\":\"Jantar\"},{\"@type\":\"WebPage\",\"@id\":\"https:\/\/rafeirosdoalentejo.eu\/pt\/7_kilos_em_5-semanas\/#webpage\",\"url\":\"https:\/\/rafeirosdoalentejo.eu\/pt\/7_kilos_em_5-semanas\/\",\"name\":\"7 Kilos em 5 semanas! - Rafeiros do Alentejo\",\"isPartOf\":{\"@id\":\"https:\/\/rafeirosdoalentejo.eu\/pt\/#website\"},\"primaryImageOfPage\":{\"@id\":\"https:\/\/rafeirosdoalentejo.eu\/pt\/7_kilos_em_5-semanas\/#primaryimage\"},\"datePublished\":\"2021-11-06T17:57:27+00:00\",\"dateModified\":\"2022-08-10T15:33:55+00:00\",\"author\":{\"@id\":\"https:\/\/rafeirosdoalentejo.eu\/pt\/#\/schema\/person\/c109b45fea113f57904f39d6d2e10fda\"},\"description\":\"A Chica est\u00e1 a crescer bem, pesava 18 quilos e isso foi h\u00e1 mais de 7 kilos h\u00e1 mais de 5 semanas, por isso um grande surto de crescimento!\",\"breadcrumb\":{\"@id\":\"https:\/\/rafeirosdoalentejo.eu\/pt\/7_kilos_em_5-semanas\/#breadcrumb\"},\"inLanguage\":\"pt-PT\",\"potentialAction\":[{\"@type\":\"ReadAction\",\"target\":[\"https:\/\/rafeirosdoalentejo.eu\/pt\/7_kilos_em_5-semanas\/\"]}]},{\"@type\":\"BreadcrumbList\",\"@id\":\"https:\/\/rafeirosdoalentejo.eu\/pt\/7_kilos_em_5-semanas\/#breadcrumb\",\"itemListElement\":[{\"@type\":\"ListItem\",\"position\":1,\"name\":\"Home\",\"item\":\"https:\/\/rafeirosdoalentejo.eu\/pt\/\"},{\"@type\":\"ListItem\",\"position\":2,\"name\":\"7 Kilos em 5 semanas!\"}]},{\"@type\":\"Person\",\"@id\":\"https:\/\/rafeirosdoalentejo.eu\/pt\/#\/schema\/person\/c109b45fea113f57904f39d6d2e10fda\",\"name\":\"pamvz\",\"image\":{\"@type\":\"ImageObject\",\"@id\":\"https:\/\/rafeirosdoalentejo.eu\/pt\/#personlogo\",\"inLanguage\":\"pt-PT\",\"url\":\"https:\/\/secure.gravatar.com\/avatar\/6cfdc492d5d13fd0caa0fb9f11c1bba7?s=96&d=mm&r=g\",\"contentUrl\":\"https:\/\/secure.gravatar.com\/avatar\/6cfdc492d5d13fd0caa0fb9f11c1bba7?s=96&d=mm&r=g\",\"caption\":\"pamvz\"},\"sameAs\":[\"https:\/\/rafeirosdoalentejo.eu\/pt\",\"https:\/\/www.facebook.com\/rafeirosdoalentejo\"],\"url\":\"https:\/\/rafeirosdoalentejo.eu\/pt\/author\/pamvz\/\"}]}<\/script>\n<!-- \/ Yoast SEO plugin. -->","yoast_head_json":{"title":"7 Kilos em 5 semanas! - Rafeiros do Alentejo","description":"A Chica est\u00e1 a crescer bem, pesava 18 quilos e isso foi h\u00e1 mais de 7 kilos h\u00e1 mais de 5 semanas, por isso um grande surto de crescimento!","robots":{"index":"index","follow":"follow","max-snippet":"max-snippet:-1","max-image-preview":"max-image-preview:large","max-video-preview":"max-video-preview:-1"},"canonical":"https:\/\/rafeirosdoalentejo.eu\/pt\/7_kilos_em_5-semanas\/","og_locale":"pt_PT","og_type":"article","og_title":"7 Kilos em 5 semanas! - Rafeiros do Alentejo","og_description":"A Chica est\u00e1 a crescer bem, pesava 18 quilos e isso foi h\u00e1 mais de 7 kilos h\u00e1 mais de 5 semanas, por isso um grande surto de crescimento!","og_url":"https:\/\/rafeirosdoalentejo.eu\/pt\/7_kilos_em_5-semanas\/","og_site_name":"Rafeiros do Alentejo","article_publisher":"https:\/\/www.facebook.com\/rafeirosdoalentejo","article_author":"https:\/\/www.facebook.com\/rafeirosdoalentejo","article_published_time":"2021-11-06T17:57:27+00:00","article_modified_time":"2022-08-10T15:33:55+00:00","og_image":[{"url":"https:\/\/rafeirosdoalentejo.eu\/pt\/wp-content\/uploads\/sites\/2\/2021\/09\/20210915_171105.jpg"}],"twitter_card":"summary_large_image","twitter_misc":{"Escrito por":"pamvz","Tempo estimado de leitura":"3 minutos"},"schema":{"@context":"https:\/\/schema.org","@graph":[{"@type":"WebSite","@id":"https:\/\/rafeirosdoalentejo.eu\/pt\/#website","url":"https:\/\/rafeirosdoalentejo.eu\/pt\/","name":"Rafeiros do Alentejo","description":"O maior e mais belo c\u00e3o de Portugal durante s\u00e9culos","potentialAction":[{"@type":"SearchAction","target":{"@type":"EntryPoint","urlTemplate":"https:\/\/rafeirosdoalentejo.eu\/pt\/?s={search_term_string}"},"query-input":"required name=search_term_string"}],"inLanguage":"pt-PT"},{"@type":"ImageObject","@id":"https:\/\/rafeirosdoalentejo.eu\/pt\/7_kilos_em_5-semanas\/#primaryimage","inLanguage":"pt-PT","url":"https:\/\/rafeirosdoalentejo.eu\/pt\/wp-content\/uploads\/sites\/2\/2021\/09\/20210915_171105.jpg","contentUrl":"https:\/\/rafeirosdoalentejo.eu\/pt\/wp-content\/uploads\/sites\/2\/2021\/09\/20210915_171105.jpg","width":800,"height":370,"caption":"Jantar"},{"@type":"WebPage","@id":"https:\/\/rafeirosdoalentejo.eu\/pt\/7_kilos_em_5-semanas\/#webpage","url":"https:\/\/rafeirosdoalentejo.eu\/pt\/7_kilos_em_5-semanas\/","name":"7 Kilos em 5 semanas! - Rafeiros do Alentejo","isPartOf":{"@id":"https:\/\/rafeirosdoalentejo.eu\/pt\/#website"},"primaryImageOfPage":{"@id":"https:\/\/rafeirosdoalentejo.eu\/pt\/7_kilos_em_5-semanas\/#primaryimage"},"datePublished":"2021-11-06T17:57:27+00:00","dateModified":"2022-08-10T15:33:55+00:00","author":{"@id":"https:\/\/rafeirosdoalentejo.eu\/pt\/#\/schema\/person\/c109b45fea113f57904f39d6d2e10fda"},"description":"A Chica est\u00e1 a crescer bem, pesava 18 quilos e isso foi h\u00e1 mais de 7 kilos h\u00e1 mais de 5 semanas, por isso um grande surto de crescimento!","breadcrumb":{"@id":"https:\/\/rafeirosdoalentejo.eu\/pt\/7_kilos_em_5-semanas\/#breadcrumb"},"inLanguage":"pt-PT","potentialAction":[{"@type":"ReadAction","target":["https:\/\/rafeirosdoalentejo.eu\/pt\/7_kilos_em_5-semanas\/"]}]},{"@type":"BreadcrumbList","@id":"https:\/\/rafeirosdoalentejo.eu\/pt\/7_kilos_em_5-semanas\/#breadcrumb","itemListElement":[{"@type":"ListItem","position":1,"name":"Home","item":"https:\/\/rafeirosdoalentejo.eu\/pt\/"},{"@type":"ListItem","position":2,"name":"7 Kilos em 5 semanas!"}]},{"@type":"Person","@id":"https:\/\/rafeirosdoalentejo.eu\/pt\/#\/schema\/person\/c109b45fea113f57904f39d6d2e10fda","name":"pamvz","image":{"@type":"ImageObject","@id":"https:\/\/rafeirosdoalentejo.eu\/pt\/#personlogo","inLanguage":"pt-PT","url":"https:\/\/secure.gravatar.com\/avatar\/6cfdc492d5d13fd0caa0fb9f11c1bba7?s=96&d=mm&r=g","contentUrl":"https:\/\/secure.gravatar.com\/avatar\/6cfdc492d5d13fd0caa0fb9f11c1bba7?s=96&d=mm&r=g","caption":"pamvz"},"sameAs":["https:\/\/rafeirosdoalentejo.eu\/pt","https:\/\/www.facebook.com\/rafeirosdoalentejo"],"url":"https:\/\/rafeirosdoalentejo.eu\/pt\/author\/pamvz\/"}]}},"_links":{"self":[{"href":"https:\/\/rafeirosdoalentejo.eu\/pt\/wp-json\/wp\/v2\/posts\/155"}],"collection":[{"href":"https:\/\/rafeirosdoalentejo.eu\/pt\/wp-json\/wp\/v2\/posts"}],"about":[{"href":"https:\/\/rafeirosdoalentejo.eu\/pt\/wp-json\/wp\/v2\/types\/post"}],"author":[{"embeddable":true,"href":"https:\/\/rafeirosdoalentejo.eu\/pt\/wp-json\/wp\/v2\/users\/1"}],"replies":[{"embeddable":true,"href":"https:\/\/rafeirosdoalentejo.eu\/pt\/wp-json\/wp\/v2\/comments?post=155"}],"version-history":[{"count":1,"href":"https:\/\/rafeirosdoalentejo.eu\/pt\/wp-json\/wp\/v2\/posts\/155\/revisions"}],"predecessor-version":[{"id":156,"href":"https:\/\/rafeirosdoalentejo.eu\/pt\/wp-json\/wp\/v2\/posts\/155\/revisions\/156"}],"wp:attachment":[{"href":"https:\/\/rafeirosdoalentejo.eu\/pt\/wp-json\/wp\/v2\/media?parent=155"}],"wp:term":[{"taxonomy":"category","embeddable":true,"href":"https:\/\/rafeirosdoalentejo.eu\/pt\/wp-json\/wp\/v2\/categories?post=155"},{"taxonomy":"post_tag","embeddable":true,"href":"https:\/\/rafeirosdoalentejo.eu\/pt\/wp-json\/wp\/v2\/tags?post=155"}],"curies":[{"name":"wp","href":"https:\/\/api.w.org\/{rel}","templated":true}]}}