{"id":161,"date":"2021-12-10T15:10:08","date_gmt":"2021-12-10T15:10:08","guid":{"rendered":"https:\/\/rafeirosdoalentejo.eu\/pt\/?p=161"},"modified":"2022-08-10T16:34:18","modified_gmt":"2022-08-10T15:34:18","slug":"doce_teimosa_atrevida","status":"publish","type":"post","link":"https:\/\/rafeirosdoalentejo.eu\/pt\/doce_teimosa_atrevida\/","title":{"rendered":"Doce, teimosa e atrevida"},"content":{"rendered":"\n<p style=\"font-size:15px\">J\u00e1 se passaram algumas semanas\u2026<br>Entretanto muita coisa aconteceu, coisas boas e coisas menos boas. H\u00e1 quinze dias, Rembo, mostrado aqui na foto principal juntamente com Chica, infelizmente faleceu na segunda-feira \u00e0 noite. Ele j\u00e1 tinha 15 anos de idade e, portanto, o mais velho do grupo, por isso j\u00e1 o tivemos um pouco em conta, mas algo do g\u00e9nero \u00e9 sempre inesperado.<\/p>\n\n\n\n<p style=\"font-size:15px\">Na sexta-feira teve uma &#8220;luta&#8221; com o Boef. Provavelmente por sua pr\u00f3pria culpa; na maioria das vezes pensava que ainda era um c\u00e3o pequeno e jovem e adorava desafiar Chica e brincar com ela, com o que Rascal nem sempre concordava. De qualquer modo, ficou um pouco tocado, mas de resto correu bem. No s\u00e1bado foi pior e ele tamb\u00e9m respirou um pouco pesado. Tamb\u00e9m t\u00ednhamos notado uma pequena ferida no seu peito, mas para o resto parecia bem.<\/p>\n\n\n\n<p style=\"font-size:15px\">No domingo, ele ainda n\u00e3o estava muito activo e aconcheg\u00e1mo-lo e ele estava a dormir, mas na segunda-feira fomos ao veterin\u00e1rio. Ela viu imediatamente que tinha um pulm\u00e3o em colapso! Nada a fazer, deve sarar por si s\u00f3. A \u00fanica coisa que pod\u00edamos fazer era deix\u00e1-lo confort\u00e1vel com analg\u00e9sicos.<\/p>\n\n\n\n<p style=\"font-size:15px\">Durante o dia, a sua situa\u00e7\u00e3o deteriorou-se cada vez mais e ele estava claramente a sofrer muito. J\u00e1 est\u00e1vamos a pensar se ele sobreviveria \u00e0 manh\u00e3. Nessa noite, \u00e0s 19.30h, ele deu o seu \u00faltimo suspiro e, na verdade, fiquei aliviado por ele j\u00e1 n\u00e3o estar a sofrer. Foi muito triste ver o seu c\u00e3o de 15 anos morrer desta maneira. Infelizmente, esses s\u00e3o os lados menos agrad\u00e1veis de ter animais. <br>Caro Rembo, descansa em paz, vamos sentir a tua falta!<\/p>\n\n\n\n<div class=\"wp-block-columns\">\n<div class=\"wp-block-column\">\n<figure class=\"wp-block-image size-full is-style-default\"><a href=\"https:\/\/rafeirosdoalentejo.eu\/wp-content\/uploads\/2021\/12\/Foto-005.jpg\"><img src=\"https:\/\/rafeirosdoalentejo.eu\/wp-content\/uploads\/2021\/12\/Foto-005.jpg\" alt=\"Nick met Rembo\" class=\"wp-image-799\"\/><\/a><figcaption>Nick e Rembo em dez. 2006<\/figcaption><\/figure>\n<\/div>\n\n\n\n<div class=\"wp-block-column\">\n<figure class=\"wp-block-image size-full is-style-default\"><a href=\"https:\/\/rafeirosdoalentejo.eu\/wp-content\/uploads\/2021\/12\/Foto-004.jpg\"><img src=\"https:\/\/rafeirosdoalentejo.eu\/wp-content\/uploads\/2021\/12\/Foto-004.jpg\" alt=\"Rembo als pup\" class=\"wp-image-798\"\/><\/a><figcaption>Rembo como cacharro<\/figcaption><\/figure>\n<\/div>\n<\/div>\n\n\n\n<h6>Depois de volta a Chica&#8230;<\/h6>\n\n\n\n<p style=\"font-size:15px\">Como diz a manchete; doce, terrivelmente teimosa e atrevida.<br>Chica \u00e9 muito mais afectuosa do que Boef era como cachorrinho. Ela adora ser acariciada, e de manh\u00e3 gosta de se deitar na cama ao lado de Ruud. Agora ela pode fazer isso durante algum tempo, mas em breve j\u00e1 n\u00e3o o poder\u00e1 fazer. Temos tamb\u00e9m a ideia de que ela pode tornar-se maior do que Boef. Ou ela \u00e9 uma cadela grande, ou Boef \u00e9 um c\u00e3o pequeno&#8230; Veremos. Em qualquer caso, n\u00e3o demorar\u00e1 muito at\u00e9 que tenham a mesma altura.<\/p>\n\n\n\n<p style=\"font-size:15px\">Os tabuleiros dos gatos em cima da mesa ainda n\u00e3o s\u00e3o seguros. Chica continua a atirar-se para a mesa assim que v\u00ea a oportunidade. Ela est\u00e1 muito concentrada na alimenta\u00e7\u00e3o. Perguntamo-nos se ela s\u00f3 tem fome\u2026 Mas ela tem bom aspecto, ainda recebe a sua comida 3 vezes por dia e j\u00e1 bastante mais do que a embalagem diz, por isso mal consigo imaginar isso. Acrescentaremos alguma fibra extra \u00e0 sua comida, n\u00e3o lhe far\u00e1 mal de qualquer forma. Se isso n\u00e3o ajudar, talvez lhe d\u00ea mais algum kibble, pois ela ainda \u00e9 muito activa\u2026<\/p>\n\n\n\n<p style=\"font-size:15px\">Da \u00faltima vez esqueci-me de mencionar que o pedigree de Chica tamb\u00e9m chegou\u2026<\/p>\n\n\n\n<div class=\"wp-block-columns\">\n<div class=\"wp-block-column\">\n<figure class=\"wp-block-image size-large is-style-default\"><a href=\"https:\/\/rafeirosdoalentejo.eu\/wp-content\/uploads\/2021\/12\/stamboom2.jpg\"><img src=\"https:\/\/rafeirosdoalentejo.eu\/wp-content\/uploads\/2021\/12\/stamboom2-1024x738.jpg\" alt=\"Stamboom Chica\" class=\"wp-image-804\"\/><\/a><\/figure>\n\n\n\n<figure class=\"wp-block-image size-full is-style-default\"><a href=\"https:\/\/rafeirosdoalentejo.eu\/wp-content\/uploads\/2021\/12\/20211102_170913.jpg\"><img src=\"https:\/\/rafeirosdoalentejo.eu\/wp-content\/uploads\/2021\/12\/20211102_170913.jpg\" alt=\"Etenstijd\" class=\"wp-image-801\"\/><\/a><figcaption>02-11-2021<\/figcaption><\/figure>\n<\/div>\n\n\n\n<div class=\"wp-block-column\">\n<figure class=\"wp-block-image size-large is-style-default\"><a href=\"https:\/\/rafeirosdoalentejo.eu\/wp-content\/uploads\/2021\/12\/stamboom.jpg\"><img src=\"https:\/\/rafeirosdoalentejo.eu\/wp-content\/uploads\/2021\/12\/stamboom-1024x717.jpg\" alt=\"Stamboom \" class=\"wp-image-803\"\/><\/a><\/figure>\n\n\n\n<figure class=\"wp-block-image size-full is-style-default\"><a href=\"https:\/\/rafeirosdoalentejo.eu\/wp-content\/uploads\/2021\/12\/20211126_163053.jpg\"><img src=\"https:\/\/rafeirosdoalentejo.eu\/wp-content\/uploads\/2021\/12\/20211126_163053.jpg\" alt=\"Etenstijd\" class=\"wp-image-802\"\/><\/a><figcaption>26-11-2021<\/figcaption><\/figure>\n<\/div>\n<\/div>\n\n\n\n<h6>&#8230;e sobre Spook<\/h6>\n\n\n\n<p style=\"font-size:15px\">Spook continua Spook. Tamb\u00e9m muita atrevida e sem medo de nada. Todas as noites por volta das 23h ela tem a sua hora de corrida. Depois corre por toda a tenda, aqui e ali deixa cair algo (um peda\u00e7o de papel, uma bola, um rato de brinquedo, etc.) no ch\u00e3o e todos os outros gatos da vizinhan\u00e7a s\u00e3o saltados. <\/p>\n\n\n\n<p style=\"font-size:15px\">Na ter\u00e7a-feira passada, ela foi esterilizada e na realidade cicatrizou completamente (claro, ainda h\u00e1 alguns pontos, mas tudo parece estar bem). J\u00e1 uma hora ap\u00f3s o tratamento ela come\u00e7ou a acordar, mas dormiu o resto do dia na transportadora. \u00c0 noite estava de novo bastante activa e no dia seguinte estava quase completamente acordada e tinha encontrado o seu lugar preferido para dormir; sim, uma caixa!<\/p>\n\n\n\n<div class=\"wp-block-columns\">\n<div class=\"wp-block-column\">\n<figure class=\"wp-block-image size-full is-style-default\"><a href=\"https:\/\/rafeirosdoalentejo.eu\/wp-content\/uploads\/2021\/12\/20211210_135926.jpg\"><img src=\"https:\/\/rafeirosdoalentejo.eu\/wp-content\/uploads\/2021\/12\/20211210_135926.jpg\" alt=\"Spook in doos\" class=\"wp-image-805\"\/><\/a><figcaption>A caixa dela<\/figcaption><\/figure>\n<\/div>\n\n\n\n<div class=\"wp-block-column\">\n<figure class=\"wp-block-embed is-type-video is-provider-youtube wp-block-embed-youtube wp-embed-aspect-16-9 wp-has-aspect-ratio\"><div class=\"wp-block-embed__wrapper\">\n<iframe loading=\"lazy\" title=\"Spook\" width=\"840\" height=\"473\" src=\"https:\/\/www.youtube.com\/embed\/_FWWI-HOmBg?feature=oembed\" frameborder=\"0\" allow=\"accelerometer; autoplay; clipboard-write; encrypted-media; gyroscope; picture-in-picture\" allowfullscreen><\/iframe>\n<\/div><figcaption>As bolas s\u00e3o as mais divertidas\u2026<\/figcaption><\/figure>\n<\/div>\n<\/div>\n\n\n\n<div class=\"wp-block-columns\">\n<div class=\"wp-block-column\">\n<figure class=\"wp-block-image size-large is-style-default\"><a href=\"https:\/\/rafeirosdoalentejo.eu\/wp-content\/uploads\/2021\/12\/20211210_140610.jpg\"><img src=\"https:\/\/rafeirosdoalentejo.eu\/wp-content\/uploads\/2021\/12\/20211210_140610-1024x474.jpg\" alt=\"Boef en Chica\" class=\"wp-image-807\"\/><\/a><figcaption>Boef e Chica<\/figcaption><\/figure>\n<\/div>\n\n\n\n<div class=\"wp-block-column\">\n<figure class=\"wp-block-image size-large is-style-default\"><a href=\"https:\/\/rafeirosdoalentejo.eu\/wp-content\/uploads\/2021\/12\/20211210_140457.jpg\"><img src=\"https:\/\/rafeirosdoalentejo.eu\/wp-content\/uploads\/2021\/12\/20211210_140457-794x1024.jpg\" alt=\"Chica\" class=\"wp-image-806\"\/><\/a><\/figure>\n<\/div>\n<\/div>\n","protected":false},"excerpt":{"rendered":"<p>J\u00e1 se passaram algumas semanas\u2026Entretanto muita coisa aconteceu, coisas boas e coisas menos boas. H\u00e1 quinze dias, Rembo, mostrado aqui na foto principal juntamente com &hellip; <\/p>\n","protected":false},"author":1,"featured_media":163,"comment_status":"closed","ping_status":"closed","sticky":false,"template":"","format":"standard","meta":[],"categories":[2],"tags":[],"yoast_head":"<!-- This site is optimized with the Yoast SEO plugin v18.1 - https:\/\/yoast.com\/wordpress\/plugins\/seo\/ -->\n<title>Doce, teimosa e atrevida - Rafeiros do Alentejo<\/title>\n<meta name=\"description\" content=\"Chica e muita doce, terrivelmente teimosa e atrevida.Chica \u00e9 muito mais afectuosa do que Boef era como cachorrinho\" \/>\n<meta name=\"robots\" content=\"index, follow, max-snippet:-1, max-image-preview:large, max-video-preview:-1\" \/>\n<link rel=\"canonical\" href=\"https:\/\/rafeirosdoalentejo.eu\/pt\/doce_teimosa_atrevida\/\" \/>\n<meta property=\"og:locale\" content=\"pt_PT\" \/>\n<meta property=\"og:type\" content=\"article\" \/>\n<meta property=\"og:title\" content=\"Doce, teimosa e atrevida - Rafeiros do Alentejo\" \/>\n<meta property=\"og:description\" content=\"Chica e muita doce, terrivelmente teimosa e atrevida.Chica \u00e9 muito mais afectuosa do que Boef era como cachorrinho\" \/>\n<meta property=\"og:url\" content=\"https:\/\/rafeirosdoalentejo.eu\/pt\/doce_teimosa_atrevida\/\" \/>\n<meta property=\"og:site_name\" content=\"Rafeiros do Alentejo\" \/>\n<meta property=\"article:publisher\" content=\"https:\/\/www.facebook.com\/rafeirosdoalentejo\" \/>\n<meta property=\"article:author\" content=\"https:\/\/www.facebook.com\/rafeirosdoalentejo\" \/>\n<meta property=\"article:published_time\" content=\"2021-12-10T15:10:08+00:00\" \/>\n<meta property=\"article:modified_time\" content=\"2022-08-10T15:34:18+00:00\" \/>\n<meta property=\"og:image\" content=\"https:\/\/rafeirosdoalentejo.eu\/pt\/wp-content\/uploads\/sites\/2\/2021\/12\/20211008_234122.jpg\" \/>\n\t<meta property=\"og:image:width\" content=\"800\" \/>\n\t<meta property=\"og:image:height\" content=\"370\" \/>\n\t<meta property=\"og:image:type\" content=\"image\/jpeg\" \/>\n<meta name=\"twitter:card\" content=\"summary_large_image\" \/>\n<meta name=\"twitter:label1\" content=\"Escrito por\" \/>\n\t<meta name=\"twitter:data1\" content=\"pamvz\" \/>\n\t<meta name=\"twitter:label2\" content=\"Tempo estimado de leitura\" \/>\n\t<meta name=\"twitter:data2\" content=\"5 minutos\" \/>\n<script type=\"application\/ld+json\" class=\"yoast-schema-graph\">{\"@context\":\"https:\/\/schema.org\",\"@graph\":[{\"@type\":\"WebSite\",\"@id\":\"https:\/\/rafeirosdoalentejo.eu\/pt\/#website\",\"url\":\"https:\/\/rafeirosdoalentejo.eu\/pt\/\",\"name\":\"Rafeiros do Alentejo\",\"description\":\"O maior e mais belo c\u00e3o de Portugal durante s\u00e9culos\",\"potentialAction\":[{\"@type\":\"SearchAction\",\"target\":{\"@type\":\"EntryPoint\",\"urlTemplate\":\"https:\/\/rafeirosdoalentejo.eu\/pt\/?s={search_term_string}\"},\"query-input\":\"required name=search_term_string\"}],\"inLanguage\":\"pt-PT\"},{\"@type\":\"ImageObject\",\"@id\":\"https:\/\/rafeirosdoalentejo.eu\/pt\/doce_teimosa_atrevida\/#primaryimage\",\"inLanguage\":\"pt-PT\",\"url\":\"https:\/\/rafeirosdoalentejo.eu\/pt\/wp-content\/uploads\/sites\/2\/2021\/12\/20211008_234122.jpg\",\"contentUrl\":\"https:\/\/rafeirosdoalentejo.eu\/pt\/wp-content\/uploads\/sites\/2\/2021\/12\/20211008_234122.jpg\",\"width\":800,\"height\":370,\"caption\":\"Rembo met Chica\"},{\"@type\":\"WebPage\",\"@id\":\"https:\/\/rafeirosdoalentejo.eu\/pt\/doce_teimosa_atrevida\/#webpage\",\"url\":\"https:\/\/rafeirosdoalentejo.eu\/pt\/doce_teimosa_atrevida\/\",\"name\":\"Doce, teimosa e atrevida - Rafeiros do Alentejo\",\"isPartOf\":{\"@id\":\"https:\/\/rafeirosdoalentejo.eu\/pt\/#website\"},\"primaryImageOfPage\":{\"@id\":\"https:\/\/rafeirosdoalentejo.eu\/pt\/doce_teimosa_atrevida\/#primaryimage\"},\"datePublished\":\"2021-12-10T15:10:08+00:00\",\"dateModified\":\"2022-08-10T15:34:18+00:00\",\"author\":{\"@id\":\"https:\/\/rafeirosdoalentejo.eu\/pt\/#\/schema\/person\/c109b45fea113f57904f39d6d2e10fda\"},\"description\":\"Chica e muita doce, terrivelmente teimosa e atrevida.Chica \u00e9 muito mais afectuosa do que Boef era como cachorrinho\",\"breadcrumb\":{\"@id\":\"https:\/\/rafeirosdoalentejo.eu\/pt\/doce_teimosa_atrevida\/#breadcrumb\"},\"inLanguage\":\"pt-PT\",\"potentialAction\":[{\"@type\":\"ReadAction\",\"target\":[\"https:\/\/rafeirosdoalentejo.eu\/pt\/doce_teimosa_atrevida\/\"]}]},{\"@type\":\"BreadcrumbList\",\"@id\":\"https:\/\/rafeirosdoalentejo.eu\/pt\/doce_teimosa_atrevida\/#breadcrumb\",\"itemListElement\":[{\"@type\":\"ListItem\",\"position\":1,\"name\":\"Home\",\"item\":\"https:\/\/rafeirosdoalentejo.eu\/pt\/\"},{\"@type\":\"ListItem\",\"position\":2,\"name\":\"Doce, teimosa e atrevida\"}]},{\"@type\":\"Person\",\"@id\":\"https:\/\/rafeirosdoalentejo.eu\/pt\/#\/schema\/person\/c109b45fea113f57904f39d6d2e10fda\",\"name\":\"pamvz\",\"image\":{\"@type\":\"ImageObject\",\"@id\":\"https:\/\/rafeirosdoalentejo.eu\/pt\/#personlogo\",\"inLanguage\":\"pt-PT\",\"url\":\"https:\/\/secure.gravatar.com\/avatar\/6cfdc492d5d13fd0caa0fb9f11c1bba7?s=96&d=mm&r=g\",\"contentUrl\":\"https:\/\/secure.gravatar.com\/avatar\/6cfdc492d5d13fd0caa0fb9f11c1bba7?s=96&d=mm&r=g\",\"caption\":\"pamvz\"},\"sameAs\":[\"https:\/\/rafeirosdoalentejo.eu\/pt\",\"https:\/\/www.facebook.com\/rafeirosdoalentejo\"],\"url\":\"https:\/\/rafeirosdoalentejo.eu\/pt\/author\/pamvz\/\"}]}<\/script>\n<!-- \/ Yoast SEO plugin. -->","yoast_head_json":{"title":"Doce, teimosa e atrevida - Rafeiros do Alentejo","description":"Chica e muita doce, terrivelmente teimosa e atrevida.Chica \u00e9 muito mais afectuosa do que Boef era como cachorrinho","robots":{"index":"index","follow":"follow","max-snippet":"max-snippet:-1","max-image-preview":"max-image-preview:large","max-video-preview":"max-video-preview:-1"},"canonical":"https:\/\/rafeirosdoalentejo.eu\/pt\/doce_teimosa_atrevida\/","og_locale":"pt_PT","og_type":"article","og_title":"Doce, teimosa e atrevida - Rafeiros do Alentejo","og_description":"Chica e muita doce, terrivelmente teimosa e atrevida.Chica \u00e9 muito mais afectuosa do que Boef era como cachorrinho","og_url":"https:\/\/rafeirosdoalentejo.eu\/pt\/doce_teimosa_atrevida\/","og_site_name":"Rafeiros do Alentejo","article_publisher":"https:\/\/www.facebook.com\/rafeirosdoalentejo","article_author":"https:\/\/www.facebook.com\/rafeirosdoalentejo","article_published_time":"2021-12-10T15:10:08+00:00","article_modified_time":"2022-08-10T15:34:18+00:00","og_image":[{"width":800,"height":370,"url":"https:\/\/rafeirosdoalentejo.eu\/pt\/wp-content\/uploads\/sites\/2\/2021\/12\/20211008_234122.jpg","type":"image\/jpeg"}],"twitter_card":"summary_large_image","twitter_misc":{"Escrito por":"pamvz","Tempo estimado de leitura":"5 minutos"},"schema":{"@context":"https:\/\/schema.org","@graph":[{"@type":"WebSite","@id":"https:\/\/rafeirosdoalentejo.eu\/pt\/#website","url":"https:\/\/rafeirosdoalentejo.eu\/pt\/","name":"Rafeiros do Alentejo","description":"O maior e mais belo c\u00e3o de Portugal durante s\u00e9culos","potentialAction":[{"@type":"SearchAction","target":{"@type":"EntryPoint","urlTemplate":"https:\/\/rafeirosdoalentejo.eu\/pt\/?s={search_term_string}"},"query-input":"required name=search_term_string"}],"inLanguage":"pt-PT"},{"@type":"ImageObject","@id":"https:\/\/rafeirosdoalentejo.eu\/pt\/doce_teimosa_atrevida\/#primaryimage","inLanguage":"pt-PT","url":"https:\/\/rafeirosdoalentejo.eu\/pt\/wp-content\/uploads\/sites\/2\/2021\/12\/20211008_234122.jpg","contentUrl":"https:\/\/rafeirosdoalentejo.eu\/pt\/wp-content\/uploads\/sites\/2\/2021\/12\/20211008_234122.jpg","width":800,"height":370,"caption":"Rembo met Chica"},{"@type":"WebPage","@id":"https:\/\/rafeirosdoalentejo.eu\/pt\/doce_teimosa_atrevida\/#webpage","url":"https:\/\/rafeirosdoalentejo.eu\/pt\/doce_teimosa_atrevida\/","name":"Doce, teimosa e atrevida - Rafeiros do Alentejo","isPartOf":{"@id":"https:\/\/rafeirosdoalentejo.eu\/pt\/#website"},"primaryImageOfPage":{"@id":"https:\/\/rafeirosdoalentejo.eu\/pt\/doce_teimosa_atrevida\/#primaryimage"},"datePublished":"2021-12-10T15:10:08+00:00","dateModified":"2022-08-10T15:34:18+00:00","author":{"@id":"https:\/\/rafeirosdoalentejo.eu\/pt\/#\/schema\/person\/c109b45fea113f57904f39d6d2e10fda"},"description":"Chica e muita doce, terrivelmente teimosa e atrevida.Chica \u00e9 muito mais afectuosa do que Boef era como cachorrinho","breadcrumb":{"@id":"https:\/\/rafeirosdoalentejo.eu\/pt\/doce_teimosa_atrevida\/#breadcrumb"},"inLanguage":"pt-PT","potentialAction":[{"@type":"ReadAction","target":["https:\/\/rafeirosdoalentejo.eu\/pt\/doce_teimosa_atrevida\/"]}]},{"@type":"BreadcrumbList","@id":"https:\/\/rafeirosdoalentejo.eu\/pt\/doce_teimosa_atrevida\/#breadcrumb","itemListElement":[{"@type":"ListItem","position":1,"name":"Home","item":"https:\/\/rafeirosdoalentejo.eu\/pt\/"},{"@type":"ListItem","position":2,"name":"Doce, teimosa e atrevida"}]},{"@type":"Person","@id":"https:\/\/rafeirosdoalentejo.eu\/pt\/#\/schema\/person\/c109b45fea113f57904f39d6d2e10fda","name":"pamvz","image":{"@type":"ImageObject","@id":"https:\/\/rafeirosdoalentejo.eu\/pt\/#personlogo","inLanguage":"pt-PT","url":"https:\/\/secure.gravatar.com\/avatar\/6cfdc492d5d13fd0caa0fb9f11c1bba7?s=96&d=mm&r=g","contentUrl":"https:\/\/secure.gravatar.com\/avatar\/6cfdc492d5d13fd0caa0fb9f11c1bba7?s=96&d=mm&r=g","caption":"pamvz"},"sameAs":["https:\/\/rafeirosdoalentejo.eu\/pt","https:\/\/www.facebook.com\/rafeirosdoalentejo"],"url":"https:\/\/rafeirosdoalentejo.eu\/pt\/author\/pamvz\/"}]}},"_links":{"self":[{"href":"https:\/\/rafeirosdoalentejo.eu\/pt\/wp-json\/wp\/v2\/posts\/161"}],"collection":[{"href":"https:\/\/rafeirosdoalentejo.eu\/pt\/wp-json\/wp\/v2\/posts"}],"about":[{"href":"https:\/\/rafeirosdoalentejo.eu\/pt\/wp-json\/wp\/v2\/types\/post"}],"author":[{"embeddable":true,"href":"https:\/\/rafeirosdoalentejo.eu\/pt\/wp-json\/wp\/v2\/users\/1"}],"replies":[{"embeddable":true,"href":"https:\/\/rafeirosdoalentejo.eu\/pt\/wp-json\/wp\/v2\/comments?post=161"}],"version-history":[{"count":1,"href":"https:\/\/rafeirosdoalentejo.eu\/pt\/wp-json\/wp\/v2\/posts\/161\/revisions"}],"predecessor-version":[{"id":162,"href":"https:\/\/rafeirosdoalentejo.eu\/pt\/wp-json\/wp\/v2\/posts\/161\/revisions\/162"}],"wp:featuredmedia":[{"embeddable":true,"href":"https:\/\/rafeirosdoalentejo.eu\/pt\/wp-json\/wp\/v2\/media\/163"}],"wp:attachment":[{"href":"https:\/\/rafeirosdoalentejo.eu\/pt\/wp-json\/wp\/v2\/media?parent=161"}],"wp:term":[{"taxonomy":"category","embeddable":true,"href":"https:\/\/rafeirosdoalentejo.eu\/pt\/wp-json\/wp\/v2\/categories?post=161"},{"taxonomy":"post_tag","embeddable":true,"href":"https:\/\/rafeirosdoalentejo.eu\/pt\/wp-json\/wp\/v2\/tags?post=161"}],"curies":[{"name":"wp","href":"https:\/\/api.w.org\/{rel}","templated":true}]}}