{"id":165,"date":"2022-02-21T16:45:19","date_gmt":"2022-02-21T16:45:19","guid":{"rendered":"https:\/\/rafeirosdoalentejo.eu\/pt\/?p=165"},"modified":"2022-08-10T16:34:27","modified_gmt":"2022-08-10T15:34:27","slug":"esse-banco-esta-a-diminuir","status":"publish","type":"post","link":"https:\/\/rafeirosdoalentejo.eu\/pt\/esse-banco-esta-a-diminuir\/","title":{"rendered":"Esse banco est\u00e1 a diminuir?"},"content":{"rendered":"\n<h4>J\u00e1 30 quilos<\/h4>\n\n\n\n<p style=\"font-size:15px\">J\u00e1 estamos alguns meses mais \u00e0 frente. Infelizmente, tivemos pouco tempo para uma actualiza\u00e7\u00e3o, j\u00e1 que o meu marido tem estado sentado em casa com uma h\u00e9rnia desde o final de 2021. Entretanto, foi operado e est\u00e1 a recuperar bem e em breve poder\u00e1 voltar ao trabalho.<\/p>\n\n\n\n<p style=\"font-size:15px\">No m\u00eas passado fui ao veterin\u00e1rio com a Chica para a sua vacina\u00e7\u00e3o contra a Raiva e na pesagem &#8211; ela j\u00e1 pesava 30 quilos. Para comparar; Boef j\u00e1 \u00e9 cultivado e pesa 40 quilos, Chica tem apenas 8 meses de idade e ainda tem algum tempo pela frente. Esperamos que ela se torne maior do que Boef. J\u00e1 t\u00eam quase a mesma altura. Al\u00e9m disso, ela estava bem e saud\u00e1vel.<\/p>\n\n\n\n<h5>T\u00e3o querida<\/h5>\n\n\n\n<p style=\"font-size:15px\">Muito saud\u00e1vel, mas oh t\u00e3o teimoso e maroto! Ela j\u00e1 se apoderou dos meus \u00f3culos de sol, por isso tive de encomendar um novo par\u2026, e embora preste realmente aten\u00e7\u00e3o onde os coloco, como Boef j\u00e1 teve 2 no passado. Infelizmente, n\u00e3o prestei aten\u00e7\u00e3o suficiente.<br>Ela tamb\u00e9m descobriu o recipiente com ferramentas, por isso encontramos regularmente coisas no campo. Ela tem muitos brinquedos e recebe regularmente um osso agrad\u00e1vel, mas tudo o que n\u00e3o \u00e9 permitido \u00e9, claro, muito mais agrad\u00e1vel e saboroso.<\/p>\n\n\n\n<p style=\"font-size:15px\">Al\u00e9m disso, temos uma almofada muito grande na sala de estar, na qual todos os c\u00e3es se podem deitar facilmente, mas \u00e9 claro que a cadeira lKEA \u00e9 mais confort\u00e1vel. Se n\u00e3o houver gatos nela ou se Spyke n\u00e3o se tiver aninhado nela, \u00e9 uma das favoritas de Chica, se \u00e9 que isso ainda se encaixa. Torna-se um pouco mais dif\u00edcil a cada dia.<\/p>\n\n\n\n<div class=\"wp-block-columns\">\n<div class=\"wp-block-column\" style=\"flex-basis:50%\">\n<figure class=\"wp-block-image is-style-default\"><a href=\"https:\/\/rafeirosdoalentejo.eu\/wp-content\/uploads\/2022\/02\/stoel3.jpg\"><img src=\"https:\/\/rafeirosdoalentejo.eu\/wp-content\/uploads\/2022\/02\/stoel3.jpg\" alt=\"Chica in stoel\" class=\"wp-image-814\"\/><\/a><figcaption>Esse banco est\u00e1 a ficar mais pequeno&#8230;<\/figcaption><\/figure>\n<\/div>\n\n\n\n<div class=\"wp-block-column\" style=\"flex-basis:50%\">\n<figure class=\"wp-block-image size-full\"><a href=\"https:\/\/rafeirosdoalentejo.eu\/wp-content\/uploads\/2022\/02\/stoel4.jpg\"><img src=\"https:\/\/rafeirosdoalentejo.eu\/wp-content\/uploads\/2022\/02\/stoel4.jpg\" alt=\"Chica in stoel\" class=\"wp-image-813\"\/><\/a><figcaption>&#8230;ou sou apenas eu?<\/figcaption><\/figure>\n<\/div>\n<\/div>\n\n\n\n<h5>N\u00e3o consigo abra\u00e7ar o suficiente&#8230;<\/h5>\n\n\n\n<p style=\"font-size:15px\">Chica adora abra\u00e7ar, isso foi diferente com Boef. Ele gosta de ser acariciado, mas n\u00e3o realmente acariciado. Chica, por outro lado, quer sentar-se no teu colo (enquanto puder) e se vir uma oportunidade, deitar-se-\u00e1 contra ti na tua cama; ela \u00e9 um colch\u00e3o de \u00e1gua, quem n\u00e3o consegue resistir a isso?<br>Ela \u00e9 um verdadeiro animal de companhia. Tivemos muitos c\u00e3es grandes ao longo dos anos, mas penso que nunca tivemos um c\u00e3o t\u00e3o fofo como este.<\/p>\n\n\n\n<div class=\"wp-block-columns\">\n<div class=\"wp-block-column\">\n<figure class=\"wp-block-image size-full\"><a href=\"https:\/\/rafeirosdoalentejo.eu\/wp-content\/uploads\/2022\/02\/op_schoot.jpg\"><img src=\"https:\/\/rafeirosdoalentejo.eu\/wp-content\/uploads\/2022\/02\/op_schoot.jpg\" alt=\"Op schoot\" class=\"wp-image-818\"\/><\/a><figcaption>Quase<\/figcaption><\/figure>\n<\/div>\n\n\n\n<div class=\"wp-block-column\">\n<figure class=\"wp-block-image size-full\"><a href=\"https:\/\/rafeirosdoalentejo.eu\/wp-content\/uploads\/2022\/02\/boef_pesten.jpg\"><img src=\"https:\/\/rafeirosdoalentejo.eu\/wp-content\/uploads\/2022\/02\/boef_pesten.jpg\" alt=\"Boef pesten\" class=\"wp-image-816\"\/><\/a><figcaption>Apenas irritar o Boef<\/figcaption><\/figure>\n<\/div>\n<\/div>\n","protected":false},"excerpt":{"rendered":"<p>J\u00e1 30 quilos J\u00e1 estamos alguns meses mais \u00e0 frente. Infelizmente, tivemos pouco tempo para uma actualiza\u00e7\u00e3o, j\u00e1 que o meu marido tem estado sentado &hellip; <\/p>\n","protected":false},"author":1,"featured_media":170,"comment_status":"closed","ping_status":"closed","sticky":false,"template":"","format":"standard","meta":[],"categories":[2],"tags":[],"yoast_head":"<!-- This site is optimized with the Yoast SEO plugin v18.1 - https:\/\/yoast.com\/wordpress\/plugins\/seo\/ -->\n<title>Esse banco est\u00e1 a diminuir? - Rafeiros do Alentejo<\/title>\n<meta name=\"description\" content=\"A cadeira lKEA \u00e9 a mais confort\u00e1vel. Mas ser\u00e1 que essa banco est\u00e1 a diminuir ou sou s\u00f3 eu? Torna-se mais dif\u00edcil a cada dia...\" \/>\n<meta name=\"robots\" content=\"index, follow, max-snippet:-1, max-image-preview:large, max-video-preview:-1\" \/>\n<link rel=\"canonical\" href=\"https:\/\/rafeirosdoalentejo.eu\/pt\/esse-banco-esta-a-diminuir\/\" \/>\n<meta property=\"og:locale\" content=\"pt_PT\" \/>\n<meta property=\"og:type\" content=\"article\" \/>\n<meta property=\"og:title\" content=\"Esse banco est\u00e1 a diminuir? - Rafeiros do Alentejo\" \/>\n<meta property=\"og:description\" content=\"A cadeira lKEA \u00e9 a mais confort\u00e1vel. Mas ser\u00e1 que essa banco est\u00e1 a diminuir ou sou s\u00f3 eu? Torna-se mais dif\u00edcil a cada dia...\" \/>\n<meta property=\"og:url\" content=\"https:\/\/rafeirosdoalentejo.eu\/pt\/esse-banco-esta-a-diminuir\/\" \/>\n<meta property=\"og:site_name\" content=\"Rafeiros do Alentejo\" \/>\n<meta property=\"article:publisher\" content=\"https:\/\/www.facebook.com\/rafeirosdoalentejo\" \/>\n<meta property=\"article:author\" content=\"https:\/\/www.facebook.com\/rafeirosdoalentejo\" \/>\n<meta property=\"article:published_time\" content=\"2022-02-21T16:45:19+00:00\" \/>\n<meta property=\"article:modified_time\" content=\"2022-08-10T15:34:27+00:00\" \/>\n<meta property=\"og:image\" content=\"https:\/\/rafeirosdoalentejo.eu\/pt\/wp-content\/uploads\/sites\/2\/2022\/02\/stoel1.jpg\" \/>\n\t<meta property=\"og:image:width\" content=\"1000\" \/>\n\t<meta property=\"og:image:height\" content=\"462\" \/>\n\t<meta property=\"og:image:type\" content=\"image\/jpeg\" \/>\n<meta name=\"twitter:card\" content=\"summary_large_image\" \/>\n<meta name=\"twitter:label1\" content=\"Escrito por\" \/>\n\t<meta name=\"twitter:data1\" content=\"pamvz\" \/>\n\t<meta name=\"twitter:label2\" content=\"Tempo estimado de leitura\" \/>\n\t<meta name=\"twitter:data2\" content=\"3 minutos\" \/>\n<script type=\"application\/ld+json\" class=\"yoast-schema-graph\">{\"@context\":\"https:\/\/schema.org\",\"@graph\":[{\"@type\":\"WebSite\",\"@id\":\"https:\/\/rafeirosdoalentejo.eu\/pt\/#website\",\"url\":\"https:\/\/rafeirosdoalentejo.eu\/pt\/\",\"name\":\"Rafeiros do Alentejo\",\"description\":\"O maior e mais belo c\u00e3o de Portugal durante s\u00e9culos\",\"potentialAction\":[{\"@type\":\"SearchAction\",\"target\":{\"@type\":\"EntryPoint\",\"urlTemplate\":\"https:\/\/rafeirosdoalentejo.eu\/pt\/?s={search_term_string}\"},\"query-input\":\"required name=search_term_string\"}],\"inLanguage\":\"pt-PT\"},{\"@type\":\"ImageObject\",\"@id\":\"https:\/\/rafeirosdoalentejo.eu\/pt\/esse-banco-esta-a-diminuir\/#primaryimage\",\"inLanguage\":\"pt-PT\",\"url\":\"https:\/\/rafeirosdoalentejo.eu\/pt\/wp-content\/uploads\/sites\/2\/2022\/02\/stoel1.jpg\",\"contentUrl\":\"https:\/\/rafeirosdoalentejo.eu\/pt\/wp-content\/uploads\/sites\/2\/2022\/02\/stoel1.jpg\",\"width\":1000,\"height\":462,\"caption\":\"Chica na cadeira\"},{\"@type\":\"WebPage\",\"@id\":\"https:\/\/rafeirosdoalentejo.eu\/pt\/esse-banco-esta-a-diminuir\/#webpage\",\"url\":\"https:\/\/rafeirosdoalentejo.eu\/pt\/esse-banco-esta-a-diminuir\/\",\"name\":\"Esse banco est\u00e1 a diminuir? - Rafeiros do Alentejo\",\"isPartOf\":{\"@id\":\"https:\/\/rafeirosdoalentejo.eu\/pt\/#website\"},\"primaryImageOfPage\":{\"@id\":\"https:\/\/rafeirosdoalentejo.eu\/pt\/esse-banco-esta-a-diminuir\/#primaryimage\"},\"datePublished\":\"2022-02-21T16:45:19+00:00\",\"dateModified\":\"2022-08-10T15:34:27+00:00\",\"author\":{\"@id\":\"https:\/\/rafeirosdoalentejo.eu\/pt\/#\/schema\/person\/c109b45fea113f57904f39d6d2e10fda\"},\"description\":\"A cadeira lKEA \u00e9 a mais confort\u00e1vel. Mas ser\u00e1 que essa banco est\u00e1 a diminuir ou sou s\u00f3 eu? Torna-se mais dif\u00edcil a cada dia...\",\"breadcrumb\":{\"@id\":\"https:\/\/rafeirosdoalentejo.eu\/pt\/esse-banco-esta-a-diminuir\/#breadcrumb\"},\"inLanguage\":\"pt-PT\",\"potentialAction\":[{\"@type\":\"ReadAction\",\"target\":[\"https:\/\/rafeirosdoalentejo.eu\/pt\/esse-banco-esta-a-diminuir\/\"]}]},{\"@type\":\"BreadcrumbList\",\"@id\":\"https:\/\/rafeirosdoalentejo.eu\/pt\/esse-banco-esta-a-diminuir\/#breadcrumb\",\"itemListElement\":[{\"@type\":\"ListItem\",\"position\":1,\"name\":\"Home\",\"item\":\"https:\/\/rafeirosdoalentejo.eu\/pt\/\"},{\"@type\":\"ListItem\",\"position\":2,\"name\":\"Esse banco est\u00e1 a diminuir?\"}]},{\"@type\":\"Person\",\"@id\":\"https:\/\/rafeirosdoalentejo.eu\/pt\/#\/schema\/person\/c109b45fea113f57904f39d6d2e10fda\",\"name\":\"pamvz\",\"image\":{\"@type\":\"ImageObject\",\"@id\":\"https:\/\/rafeirosdoalentejo.eu\/pt\/#personlogo\",\"inLanguage\":\"pt-PT\",\"url\":\"https:\/\/secure.gravatar.com\/avatar\/6cfdc492d5d13fd0caa0fb9f11c1bba7?s=96&d=mm&r=g\",\"contentUrl\":\"https:\/\/secure.gravatar.com\/avatar\/6cfdc492d5d13fd0caa0fb9f11c1bba7?s=96&d=mm&r=g\",\"caption\":\"pamvz\"},\"sameAs\":[\"https:\/\/rafeirosdoalentejo.eu\/pt\",\"https:\/\/www.facebook.com\/rafeirosdoalentejo\"],\"url\":\"https:\/\/rafeirosdoalentejo.eu\/pt\/author\/pamvz\/\"}]}<\/script>\n<!-- \/ Yoast SEO plugin. -->","yoast_head_json":{"title":"Esse banco est\u00e1 a diminuir? - Rafeiros do Alentejo","description":"A cadeira lKEA \u00e9 a mais confort\u00e1vel. Mas ser\u00e1 que essa banco est\u00e1 a diminuir ou sou s\u00f3 eu? Torna-se mais dif\u00edcil a cada dia...","robots":{"index":"index","follow":"follow","max-snippet":"max-snippet:-1","max-image-preview":"max-image-preview:large","max-video-preview":"max-video-preview:-1"},"canonical":"https:\/\/rafeirosdoalentejo.eu\/pt\/esse-banco-esta-a-diminuir\/","og_locale":"pt_PT","og_type":"article","og_title":"Esse banco est\u00e1 a diminuir? - Rafeiros do Alentejo","og_description":"A cadeira lKEA \u00e9 a mais confort\u00e1vel. Mas ser\u00e1 que essa banco est\u00e1 a diminuir ou sou s\u00f3 eu? Torna-se mais dif\u00edcil a cada dia...","og_url":"https:\/\/rafeirosdoalentejo.eu\/pt\/esse-banco-esta-a-diminuir\/","og_site_name":"Rafeiros do Alentejo","article_publisher":"https:\/\/www.facebook.com\/rafeirosdoalentejo","article_author":"https:\/\/www.facebook.com\/rafeirosdoalentejo","article_published_time":"2022-02-21T16:45:19+00:00","article_modified_time":"2022-08-10T15:34:27+00:00","og_image":[{"width":1000,"height":462,"url":"https:\/\/rafeirosdoalentejo.eu\/pt\/wp-content\/uploads\/sites\/2\/2022\/02\/stoel1.jpg","type":"image\/jpeg"}],"twitter_card":"summary_large_image","twitter_misc":{"Escrito por":"pamvz","Tempo estimado de leitura":"3 minutos"},"schema":{"@context":"https:\/\/schema.org","@graph":[{"@type":"WebSite","@id":"https:\/\/rafeirosdoalentejo.eu\/pt\/#website","url":"https:\/\/rafeirosdoalentejo.eu\/pt\/","name":"Rafeiros do Alentejo","description":"O maior e mais belo c\u00e3o de Portugal durante s\u00e9culos","potentialAction":[{"@type":"SearchAction","target":{"@type":"EntryPoint","urlTemplate":"https:\/\/rafeirosdoalentejo.eu\/pt\/?s={search_term_string}"},"query-input":"required name=search_term_string"}],"inLanguage":"pt-PT"},{"@type":"ImageObject","@id":"https:\/\/rafeirosdoalentejo.eu\/pt\/esse-banco-esta-a-diminuir\/#primaryimage","inLanguage":"pt-PT","url":"https:\/\/rafeirosdoalentejo.eu\/pt\/wp-content\/uploads\/sites\/2\/2022\/02\/stoel1.jpg","contentUrl":"https:\/\/rafeirosdoalentejo.eu\/pt\/wp-content\/uploads\/sites\/2\/2022\/02\/stoel1.jpg","width":1000,"height":462,"caption":"Chica na cadeira"},{"@type":"WebPage","@id":"https:\/\/rafeirosdoalentejo.eu\/pt\/esse-banco-esta-a-diminuir\/#webpage","url":"https:\/\/rafeirosdoalentejo.eu\/pt\/esse-banco-esta-a-diminuir\/","name":"Esse banco est\u00e1 a diminuir? - Rafeiros do Alentejo","isPartOf":{"@id":"https:\/\/rafeirosdoalentejo.eu\/pt\/#website"},"primaryImageOfPage":{"@id":"https:\/\/rafeirosdoalentejo.eu\/pt\/esse-banco-esta-a-diminuir\/#primaryimage"},"datePublished":"2022-02-21T16:45:19+00:00","dateModified":"2022-08-10T15:34:27+00:00","author":{"@id":"https:\/\/rafeirosdoalentejo.eu\/pt\/#\/schema\/person\/c109b45fea113f57904f39d6d2e10fda"},"description":"A cadeira lKEA \u00e9 a mais confort\u00e1vel. Mas ser\u00e1 que essa banco est\u00e1 a diminuir ou sou s\u00f3 eu? Torna-se mais dif\u00edcil a cada dia...","breadcrumb":{"@id":"https:\/\/rafeirosdoalentejo.eu\/pt\/esse-banco-esta-a-diminuir\/#breadcrumb"},"inLanguage":"pt-PT","potentialAction":[{"@type":"ReadAction","target":["https:\/\/rafeirosdoalentejo.eu\/pt\/esse-banco-esta-a-diminuir\/"]}]},{"@type":"BreadcrumbList","@id":"https:\/\/rafeirosdoalentejo.eu\/pt\/esse-banco-esta-a-diminuir\/#breadcrumb","itemListElement":[{"@type":"ListItem","position":1,"name":"Home","item":"https:\/\/rafeirosdoalentejo.eu\/pt\/"},{"@type":"ListItem","position":2,"name":"Esse banco est\u00e1 a diminuir?"}]},{"@type":"Person","@id":"https:\/\/rafeirosdoalentejo.eu\/pt\/#\/schema\/person\/c109b45fea113f57904f39d6d2e10fda","name":"pamvz","image":{"@type":"ImageObject","@id":"https:\/\/rafeirosdoalentejo.eu\/pt\/#personlogo","inLanguage":"pt-PT","url":"https:\/\/secure.gravatar.com\/avatar\/6cfdc492d5d13fd0caa0fb9f11c1bba7?s=96&d=mm&r=g","contentUrl":"https:\/\/secure.gravatar.com\/avatar\/6cfdc492d5d13fd0caa0fb9f11c1bba7?s=96&d=mm&r=g","caption":"pamvz"},"sameAs":["https:\/\/rafeirosdoalentejo.eu\/pt","https:\/\/www.facebook.com\/rafeirosdoalentejo"],"url":"https:\/\/rafeirosdoalentejo.eu\/pt\/author\/pamvz\/"}]}},"_links":{"self":[{"href":"https:\/\/rafeirosdoalentejo.eu\/pt\/wp-json\/wp\/v2\/posts\/165"}],"collection":[{"href":"https:\/\/rafeirosdoalentejo.eu\/pt\/wp-json\/wp\/v2\/posts"}],"about":[{"href":"https:\/\/rafeirosdoalentejo.eu\/pt\/wp-json\/wp\/v2\/types\/post"}],"author":[{"embeddable":true,"href":"https:\/\/rafeirosdoalentejo.eu\/pt\/wp-json\/wp\/v2\/users\/1"}],"replies":[{"embeddable":true,"href":"https:\/\/rafeirosdoalentejo.eu\/pt\/wp-json\/wp\/v2\/comments?post=165"}],"version-history":[{"count":2,"href":"https:\/\/rafeirosdoalentejo.eu\/pt\/wp-json\/wp\/v2\/posts\/165\/revisions"}],"predecessor-version":[{"id":173,"href":"https:\/\/rafeirosdoalentejo.eu\/pt\/wp-json\/wp\/v2\/posts\/165\/revisions\/173"}],"wp:featuredmedia":[{"embeddable":true,"href":"https:\/\/rafeirosdoalentejo.eu\/pt\/wp-json\/wp\/v2\/media\/170"}],"wp:attachment":[{"href":"https:\/\/rafeirosdoalentejo.eu\/pt\/wp-json\/wp\/v2\/media?parent=165"}],"wp:term":[{"taxonomy":"category","embeddable":true,"href":"https:\/\/rafeirosdoalentejo.eu\/pt\/wp-json\/wp\/v2\/categories?post=165"},{"taxonomy":"post_tag","embeddable":true,"href":"https:\/\/rafeirosdoalentejo.eu\/pt\/wp-json\/wp\/v2\/tags?post=165"}],"curies":[{"name":"wp","href":"https:\/\/api.w.org\/{rel}","templated":true}]}}