{"id":175,"date":"2022-05-25T13:45:48","date_gmt":"2022-05-25T12:45:48","guid":{"rendered":"https:\/\/rafeirosdoalentejo.eu\/pt\/?p=175"},"modified":"2022-08-10T16:34:32","modified_gmt":"2022-08-10T15:34:32","slug":"quase-1-ano-de-idade-ja","status":"publish","type":"post","link":"https:\/\/rafeirosdoalentejo.eu\/pt\/quase-1-ano-de-idade-ja\/","title":{"rendered":"Quase 1 ano de idade j\u00e1"},"content":{"rendered":"\n<h5>O primeiro cio<\/h5>\n\n\n\n<p style=\"font-size:15px\">J\u00e1 estamos a alguns meses de dist\u00e2ncia. Chica teve o seu primeiro cio (final de Abril) e n\u00e3o foi assim t\u00e3o mau. Aqui e ali encontr\u00e1mos um salpico de sangue no ch\u00e3o, mas foi s\u00f3 isso. J\u00e1 experiment\u00e1mos isto de forma diferente com c\u00e3es anteriores.<\/p>\n\n\n\n<p style=\"font-size:15px\">Uma vez que Ruud est\u00e1 fora de servi\u00e7o h\u00e1 alguns meses, ainda n\u00e3o tivemos a oportunidade de fazer um canil, pelo que teve de ser encontrada uma solu\u00e7\u00e3o tempor\u00e1ria para Boef. Boef n\u00e3o est\u00e1 autorizado a fertilizar Chica, devido aos seus problemas na anca e por n\u00e3o ter quaisquer pap\u00e9is. Devido aos seus problemas na anca, n\u00e3o queremos castr\u00e1-lo, por medo que ele ganhe peso.<br>Por conseguinte, escolhemos castr\u00e1-lo quimicamente e isso acabou por ser uma boa solu\u00e7\u00e3o. No final de Fevereiro, o veterin\u00e1rio deu-lhe uma injec\u00e7\u00e3o e esta &#8216;castrou-o&#8217; durante cerca de 6 meses. Sem mais preocupa\u00e7\u00f5es e sem ganho de peso, por isso talvez consideremos uma castra\u00e7\u00e3o completa como uma op\u00e7\u00e3o.<\/p>\n\n\n\n<h5>O nosso Spyke<\/h5>\n\n\n\n<p style=\"font-size:15px\">Depois o nosso pequeno c\u00e3o Spyke. Ele est\u00e1 realmente a ficar velho agora. Na foto acima, eles est\u00e3o deitados juntos na grande almofada. Tem agora mais de 15 anos de idade e come\u00e7a a ter problemas renais. Est\u00e1 a ficar muito magro, mas come e bebe bem, ainda parece muito alerta dos olhos e o seu p\u00ealo ainda brilha, mas est\u00e1 a ficar mais magro. Hoje em dia, ele pode receber alguma comida extra saborosa, de modo a receber a sua por\u00e7\u00e3o di\u00e1ria.<br>Al\u00e9m disso, desde o falecimento do seu amigo Rembo, ele felizmente n\u00e3o tem tido quaisquer problemas vis\u00edveis de luto. Considerando o seu estado actual, esperamos que ele nos deixe em breve, mas esperamos mais alguns meses felizes.<\/p>\n\n\n\n<h5>Cada vez mais um c\u00e3o de guarda<\/h5>\n\n\n\n<p style=\"font-size:15px\">Agora que o Ver\u00e3o est\u00e1 de novo a chegar, os dois grandes est\u00e3o l\u00e1 fora \u00e0 noite. Devido \u00e0 idade de Chica, foi-lhes permitido ficar dentro de casa durante a noite deste Inverno, mas agora Chica est\u00e1 tamb\u00e9m pronta para ficar ao ar livre na maior parte do tempo. Ela mostra que se est\u00e1 a tornar um bom c\u00e3o de guarda.<br>Al\u00e9m disso, ela ainda \u00e9 bastante marota, como uma verdadeira adolescente. A Chica ainda gosta de brincar com Boef (leia-se: bully). Ela pendura regularmente no seu pesco\u00e7o e rabo e tudo isto com a aprova\u00e7\u00e3o de Boef. Chica j\u00e1 mastigou 3 colarinhos de Boef a peda\u00e7os! Agora Boef tem um colarinho tempor\u00e1rio com espig\u00f5es e isso parece funcionar; j\u00e1 est\u00e1 intacto h\u00e1 algumas semanas.<\/p>\n\n\n\n<div class=\"wp-block-columns\">\n<div class=\"wp-block-column\">\n<div class=\"wp-block-image is-style-default\"><figure class=\"aligncenter is-resized\"><a href=\"https:\/\/rafeirosdoalentejo.eu\/wp-content\/uploads\/2022\/05\/20220419_130949-1.jpg\"><img loading=\"lazy\" src=\"https:\/\/rafeirosdoalentejo.eu\/wp-content\/uploads\/2022\/05\/20220419_130949-1.jpg\" alt=\"Halsband Boef\" class=\"wp-image-837\" width=\"215\" height=\"230\"\/><\/a><figcaption>Colarinho rec\u00e9m-adquirido; vida \u00fatil 2 dias<\/figcaption><\/figure><\/div>\n<\/div>\n<\/div>\n\n\n\n<div class=\"wp-block-columns\">\n<div class=\"wp-block-column\">\n<figure class=\"wp-block-image size-large is-style-default\"><a href=\"https:\/\/rafeirosdoalentejo.eu\/wp-content\/uploads\/2022\/05\/20211214_212805.jpg\"><img src=\"https:\/\/rafeirosdoalentejo.eu\/wp-content\/uploads\/2022\/05\/20211214_212805-1024x474.jpg\" alt=\"Chica en Spook\" class=\"wp-image-827\"\/><\/a><figcaption>Chica e Spook (h\u00e1 algum tempo atr\u00e1s)<\/figcaption><\/figure>\n<\/div>\n\n\n\n<div class=\"wp-block-column\">\n<figure class=\"wp-block-image size-large is-style-default\"><a href=\"https:\/\/rafeirosdoalentejo.eu\/wp-content\/uploads\/2022\/05\/20220430_180151.jpg\"><img src=\"https:\/\/rafeirosdoalentejo.eu\/wp-content\/uploads\/2022\/05\/20220430_180151-1024x474.jpg\" alt=\"Boef en Chica\" class=\"wp-image-829\"\/><\/a><figcaption>Apenas um pouco maior do que Boef\u2026<\/figcaption><\/figure>\n<\/div>\n<\/div>\n\n\n\n<h5>De ritmo r\u00e1pido<\/h5>\n\n\n\n<p style=\"font-size:15px\">Chica tem agora quase 1 ano de idade; 23 de Junho. Que ano t\u00e3o r\u00e1pido tem sido este. Durante este ano, ela cresceu de um cachorro fofinho doce para um c\u00e3ozinho doce e maroto de verdade. Claro que ela ainda n\u00e3o est\u00e1 totalmente desenvolvida, mas todas as propor\u00e7\u00f5es s\u00e3o mais ou menos proporcionais. Mais um ano e depois ela pode ter oficialmente uma ninhada&#8230;<\/p>\n","protected":false},"excerpt":{"rendered":"<p>O primeiro cio J\u00e1 estamos a alguns meses de dist\u00e2ncia. Chica teve o seu primeiro cio (final de Abril) e n\u00e3o foi assim t\u00e3o mau. &hellip; <\/p>\n","protected":false},"author":1,"featured_media":180,"comment_status":"closed","ping_status":"closed","sticky":false,"template":"","format":"standard","meta":[],"categories":[2],"tags":[],"yoast_head":"<!-- This site is optimized with the Yoast SEO plugin v18.1 - https:\/\/yoast.com\/wordpress\/plugins\/seo\/ -->\n<title>Quase 1 ano de idade j\u00e1 - Rafeiros do Alentejo<\/title>\n<meta name=\"description\" content=\"Chica tem agora quase 1 ano. Que ano t\u00e3o r\u00e1pido tem sido este. Entretanto, ela cresceu de um cachorro doce para um c\u00e3ozinho doce\" \/>\n<meta name=\"robots\" content=\"index, follow, max-snippet:-1, max-image-preview:large, max-video-preview:-1\" \/>\n<link rel=\"canonical\" href=\"https:\/\/rafeirosdoalentejo.eu\/pt\/quase-1-ano-de-idade-ja\/\" \/>\n<meta property=\"og:locale\" content=\"pt_PT\" \/>\n<meta property=\"og:type\" content=\"article\" \/>\n<meta property=\"og:title\" content=\"Quase 1 ano de idade j\u00e1 - Rafeiros do Alentejo\" \/>\n<meta property=\"og:description\" content=\"Chica tem agora quase 1 ano. Que ano t\u00e3o r\u00e1pido tem sido este. Entretanto, ela cresceu de um cachorro doce para um c\u00e3ozinho doce\" \/>\n<meta property=\"og:url\" content=\"https:\/\/rafeirosdoalentejo.eu\/pt\/quase-1-ano-de-idade-ja\/\" \/>\n<meta property=\"og:site_name\" content=\"Rafeiros do Alentejo\" \/>\n<meta property=\"article:publisher\" content=\"https:\/\/www.facebook.com\/rafeirosdoalentejo\" \/>\n<meta property=\"article:author\" content=\"https:\/\/www.facebook.com\/rafeirosdoalentejo\" \/>\n<meta property=\"article:published_time\" content=\"2022-05-25T12:45:48+00:00\" \/>\n<meta property=\"article:modified_time\" content=\"2022-08-10T15:34:32+00:00\" \/>\n<meta property=\"og:image\" content=\"https:\/\/rafeirosdoalentejo.eu\/pt\/wp-content\/uploads\/sites\/2\/2022\/05\/20220524_215835.jpg\" \/>\n\t<meta property=\"og:image:width\" content=\"1200\" \/>\n\t<meta property=\"og:image:height\" content=\"555\" \/>\n\t<meta property=\"og:image:type\" content=\"image\/jpeg\" \/>\n<meta name=\"twitter:card\" content=\"summary_large_image\" \/>\n<meta name=\"twitter:label1\" content=\"Escrito por\" \/>\n\t<meta name=\"twitter:data1\" content=\"pamvz\" \/>\n\t<meta name=\"twitter:label2\" content=\"Tempo estimado de leitura\" \/>\n\t<meta name=\"twitter:data2\" content=\"4 minutos\" \/>\n<script type=\"application\/ld+json\" class=\"yoast-schema-graph\">{\"@context\":\"https:\/\/schema.org\",\"@graph\":[{\"@type\":\"WebSite\",\"@id\":\"https:\/\/rafeirosdoalentejo.eu\/pt\/#website\",\"url\":\"https:\/\/rafeirosdoalentejo.eu\/pt\/\",\"name\":\"Rafeiros do Alentejo\",\"description\":\"O maior e mais belo c\u00e3o de Portugal durante s\u00e9culos\",\"potentialAction\":[{\"@type\":\"SearchAction\",\"target\":{\"@type\":\"EntryPoint\",\"urlTemplate\":\"https:\/\/rafeirosdoalentejo.eu\/pt\/?s={search_term_string}\"},\"query-input\":\"required name=search_term_string\"}],\"inLanguage\":\"pt-PT\"},{\"@type\":\"ImageObject\",\"@id\":\"https:\/\/rafeirosdoalentejo.eu\/pt\/quase-1-ano-de-idade-ja\/#primaryimage\",\"inLanguage\":\"pt-PT\",\"url\":\"https:\/\/rafeirosdoalentejo.eu\/pt\/wp-content\/uploads\/sites\/2\/2022\/05\/20220524_215835.jpg\",\"contentUrl\":\"https:\/\/rafeirosdoalentejo.eu\/pt\/wp-content\/uploads\/sites\/2\/2022\/05\/20220524_215835.jpg\",\"width\":1200,\"height\":555,\"caption\":\"Onze honden\"},{\"@type\":\"WebPage\",\"@id\":\"https:\/\/rafeirosdoalentejo.eu\/pt\/quase-1-ano-de-idade-ja\/#webpage\",\"url\":\"https:\/\/rafeirosdoalentejo.eu\/pt\/quase-1-ano-de-idade-ja\/\",\"name\":\"Quase 1 ano de idade j\u00e1 - Rafeiros do Alentejo\",\"isPartOf\":{\"@id\":\"https:\/\/rafeirosdoalentejo.eu\/pt\/#website\"},\"primaryImageOfPage\":{\"@id\":\"https:\/\/rafeirosdoalentejo.eu\/pt\/quase-1-ano-de-idade-ja\/#primaryimage\"},\"datePublished\":\"2022-05-25T12:45:48+00:00\",\"dateModified\":\"2022-08-10T15:34:32+00:00\",\"author\":{\"@id\":\"https:\/\/rafeirosdoalentejo.eu\/pt\/#\/schema\/person\/c109b45fea113f57904f39d6d2e10fda\"},\"description\":\"Chica tem agora quase 1 ano. Que ano t\u00e3o r\u00e1pido tem sido este. Entretanto, ela cresceu de um cachorro doce para um c\u00e3ozinho doce\",\"breadcrumb\":{\"@id\":\"https:\/\/rafeirosdoalentejo.eu\/pt\/quase-1-ano-de-idade-ja\/#breadcrumb\"},\"inLanguage\":\"pt-PT\",\"potentialAction\":[{\"@type\":\"ReadAction\",\"target\":[\"https:\/\/rafeirosdoalentejo.eu\/pt\/quase-1-ano-de-idade-ja\/\"]}]},{\"@type\":\"BreadcrumbList\",\"@id\":\"https:\/\/rafeirosdoalentejo.eu\/pt\/quase-1-ano-de-idade-ja\/#breadcrumb\",\"itemListElement\":[{\"@type\":\"ListItem\",\"position\":1,\"name\":\"Home\",\"item\":\"https:\/\/rafeirosdoalentejo.eu\/pt\/\"},{\"@type\":\"ListItem\",\"position\":2,\"name\":\"Quase 1 ano de idade j\u00e1\"}]},{\"@type\":\"Person\",\"@id\":\"https:\/\/rafeirosdoalentejo.eu\/pt\/#\/schema\/person\/c109b45fea113f57904f39d6d2e10fda\",\"name\":\"pamvz\",\"image\":{\"@type\":\"ImageObject\",\"@id\":\"https:\/\/rafeirosdoalentejo.eu\/pt\/#personlogo\",\"inLanguage\":\"pt-PT\",\"url\":\"https:\/\/secure.gravatar.com\/avatar\/6cfdc492d5d13fd0caa0fb9f11c1bba7?s=96&d=mm&r=g\",\"contentUrl\":\"https:\/\/secure.gravatar.com\/avatar\/6cfdc492d5d13fd0caa0fb9f11c1bba7?s=96&d=mm&r=g\",\"caption\":\"pamvz\"},\"sameAs\":[\"https:\/\/rafeirosdoalentejo.eu\/pt\",\"https:\/\/www.facebook.com\/rafeirosdoalentejo\"],\"url\":\"https:\/\/rafeirosdoalentejo.eu\/pt\/author\/pamvz\/\"}]}<\/script>\n<!-- \/ Yoast SEO plugin. -->","yoast_head_json":{"title":"Quase 1 ano de idade j\u00e1 - Rafeiros do Alentejo","description":"Chica tem agora quase 1 ano. Que ano t\u00e3o r\u00e1pido tem sido este. Entretanto, ela cresceu de um cachorro doce para um c\u00e3ozinho doce","robots":{"index":"index","follow":"follow","max-snippet":"max-snippet:-1","max-image-preview":"max-image-preview:large","max-video-preview":"max-video-preview:-1"},"canonical":"https:\/\/rafeirosdoalentejo.eu\/pt\/quase-1-ano-de-idade-ja\/","og_locale":"pt_PT","og_type":"article","og_title":"Quase 1 ano de idade j\u00e1 - Rafeiros do Alentejo","og_description":"Chica tem agora quase 1 ano. Que ano t\u00e3o r\u00e1pido tem sido este. Entretanto, ela cresceu de um cachorro doce para um c\u00e3ozinho doce","og_url":"https:\/\/rafeirosdoalentejo.eu\/pt\/quase-1-ano-de-idade-ja\/","og_site_name":"Rafeiros do Alentejo","article_publisher":"https:\/\/www.facebook.com\/rafeirosdoalentejo","article_author":"https:\/\/www.facebook.com\/rafeirosdoalentejo","article_published_time":"2022-05-25T12:45:48+00:00","article_modified_time":"2022-08-10T15:34:32+00:00","og_image":[{"width":1200,"height":555,"url":"https:\/\/rafeirosdoalentejo.eu\/pt\/wp-content\/uploads\/sites\/2\/2022\/05\/20220524_215835.jpg","type":"image\/jpeg"}],"twitter_card":"summary_large_image","twitter_misc":{"Escrito por":"pamvz","Tempo estimado de leitura":"4 minutos"},"schema":{"@context":"https:\/\/schema.org","@graph":[{"@type":"WebSite","@id":"https:\/\/rafeirosdoalentejo.eu\/pt\/#website","url":"https:\/\/rafeirosdoalentejo.eu\/pt\/","name":"Rafeiros do Alentejo","description":"O maior e mais belo c\u00e3o de Portugal durante s\u00e9culos","potentialAction":[{"@type":"SearchAction","target":{"@type":"EntryPoint","urlTemplate":"https:\/\/rafeirosdoalentejo.eu\/pt\/?s={search_term_string}"},"query-input":"required name=search_term_string"}],"inLanguage":"pt-PT"},{"@type":"ImageObject","@id":"https:\/\/rafeirosdoalentejo.eu\/pt\/quase-1-ano-de-idade-ja\/#primaryimage","inLanguage":"pt-PT","url":"https:\/\/rafeirosdoalentejo.eu\/pt\/wp-content\/uploads\/sites\/2\/2022\/05\/20220524_215835.jpg","contentUrl":"https:\/\/rafeirosdoalentejo.eu\/pt\/wp-content\/uploads\/sites\/2\/2022\/05\/20220524_215835.jpg","width":1200,"height":555,"caption":"Onze honden"},{"@type":"WebPage","@id":"https:\/\/rafeirosdoalentejo.eu\/pt\/quase-1-ano-de-idade-ja\/#webpage","url":"https:\/\/rafeirosdoalentejo.eu\/pt\/quase-1-ano-de-idade-ja\/","name":"Quase 1 ano de idade j\u00e1 - Rafeiros do Alentejo","isPartOf":{"@id":"https:\/\/rafeirosdoalentejo.eu\/pt\/#website"},"primaryImageOfPage":{"@id":"https:\/\/rafeirosdoalentejo.eu\/pt\/quase-1-ano-de-idade-ja\/#primaryimage"},"datePublished":"2022-05-25T12:45:48+00:00","dateModified":"2022-08-10T15:34:32+00:00","author":{"@id":"https:\/\/rafeirosdoalentejo.eu\/pt\/#\/schema\/person\/c109b45fea113f57904f39d6d2e10fda"},"description":"Chica tem agora quase 1 ano. Que ano t\u00e3o r\u00e1pido tem sido este. Entretanto, ela cresceu de um cachorro doce para um c\u00e3ozinho doce","breadcrumb":{"@id":"https:\/\/rafeirosdoalentejo.eu\/pt\/quase-1-ano-de-idade-ja\/#breadcrumb"},"inLanguage":"pt-PT","potentialAction":[{"@type":"ReadAction","target":["https:\/\/rafeirosdoalentejo.eu\/pt\/quase-1-ano-de-idade-ja\/"]}]},{"@type":"BreadcrumbList","@id":"https:\/\/rafeirosdoalentejo.eu\/pt\/quase-1-ano-de-idade-ja\/#breadcrumb","itemListElement":[{"@type":"ListItem","position":1,"name":"Home","item":"https:\/\/rafeirosdoalentejo.eu\/pt\/"},{"@type":"ListItem","position":2,"name":"Quase 1 ano de idade j\u00e1"}]},{"@type":"Person","@id":"https:\/\/rafeirosdoalentejo.eu\/pt\/#\/schema\/person\/c109b45fea113f57904f39d6d2e10fda","name":"pamvz","image":{"@type":"ImageObject","@id":"https:\/\/rafeirosdoalentejo.eu\/pt\/#personlogo","inLanguage":"pt-PT","url":"https:\/\/secure.gravatar.com\/avatar\/6cfdc492d5d13fd0caa0fb9f11c1bba7?s=96&d=mm&r=g","contentUrl":"https:\/\/secure.gravatar.com\/avatar\/6cfdc492d5d13fd0caa0fb9f11c1bba7?s=96&d=mm&r=g","caption":"pamvz"},"sameAs":["https:\/\/rafeirosdoalentejo.eu\/pt","https:\/\/www.facebook.com\/rafeirosdoalentejo"],"url":"https:\/\/rafeirosdoalentejo.eu\/pt\/author\/pamvz\/"}]}},"_links":{"self":[{"href":"https:\/\/rafeirosdoalentejo.eu\/pt\/wp-json\/wp\/v2\/posts\/175"}],"collection":[{"href":"https:\/\/rafeirosdoalentejo.eu\/pt\/wp-json\/wp\/v2\/posts"}],"about":[{"href":"https:\/\/rafeirosdoalentejo.eu\/pt\/wp-json\/wp\/v2\/types\/post"}],"author":[{"embeddable":true,"href":"https:\/\/rafeirosdoalentejo.eu\/pt\/wp-json\/wp\/v2\/users\/1"}],"replies":[{"embeddable":true,"href":"https:\/\/rafeirosdoalentejo.eu\/pt\/wp-json\/wp\/v2\/comments?post=175"}],"version-history":[{"count":1,"href":"https:\/\/rafeirosdoalentejo.eu\/pt\/wp-json\/wp\/v2\/posts\/175\/revisions"}],"predecessor-version":[{"id":181,"href":"https:\/\/rafeirosdoalentejo.eu\/pt\/wp-json\/wp\/v2\/posts\/175\/revisions\/181"}],"wp:featuredmedia":[{"embeddable":true,"href":"https:\/\/rafeirosdoalentejo.eu\/pt\/wp-json\/wp\/v2\/media\/180"}],"wp:attachment":[{"href":"https:\/\/rafeirosdoalentejo.eu\/pt\/wp-json\/wp\/v2\/media?parent=175"}],"wp:term":[{"taxonomy":"category","embeddable":true,"href":"https:\/\/rafeirosdoalentejo.eu\/pt\/wp-json\/wp\/v2\/categories?post=175"},{"taxonomy":"post_tag","embeddable":true,"href":"https:\/\/rafeirosdoalentejo.eu\/pt\/wp-json\/wp\/v2\/tags?post=175"}],"curies":[{"name":"wp","href":"https:\/\/api.w.org\/{rel}","templated":true}]}}