{"id":186,"date":"2022-12-05T12:00:56","date_gmt":"2022-12-05T12:00:56","guid":{"rendered":"https:\/\/rafeirosdoalentejo.eu\/pt\/?p=186"},"modified":"2022-12-05T12:00:58","modified_gmt":"2022-12-05T12:00:58","slug":"sim-ainda-se-encaixa","status":"publish","type":"post","link":"https:\/\/rafeirosdoalentejo.eu\/pt\/sim-ainda-se-encaixa\/","title":{"rendered":"Sim, ainda se encaixa"},"content":{"rendered":"\n<h4>Faltou o Ver\u00e3o<\/h4>\n\n\n\n<p style=\"font-size:15px\">O \u00faltimo posto foi h\u00e1 bastante tempo, a partir de Maio, para ser preciso. Por isso vou dar uma grande actualiza\u00e7\u00e3o de imediato.<\/p>\n\n\n\n<p style=\"font-size:15px\">Primeiro uma nota r\u00e1pida sobre o porqu\u00ea de ter demorado tanto tempo\u2026.<br>Devido a circunst\u00e2ncias pessoais, tivemos de ir subitamente para a Holanda em Julho. Esper\u00e1-vamos precisar de cerca de 10 dias para organizar as coisas, mas acabou por ser quase seis semanas.<br>Durante estas semanas, o nosso filho mais novo cuidou da nossa casa e dos animais, pelo que estamos muito gratos; afinal, ele tinha acabado de receber a chave da sua pr\u00f3pria casa e s\u00f3 l\u00e1 tinha podido ficar durante algumas semanas e depois teve de voltar para a sua casa parental\u2026<\/p>\n\n\n\n<p style=\"font-size:15px\">Durante a nossa aus\u00eancia, um inc\u00eandio tamb\u00e9m deflagrou na nossa propriedade. Felizmente, o vento estava na direc\u00e7\u00e3o certa, longe da nossa casa e n\u00e3o ocorreram les\u00f5es humanas ou animais e a nossa casa tamb\u00e9m est\u00e1 bem. Infelizmente, o inc\u00eandio provavelmente come\u00e7ou mesmo ao lado do nosso contentor, cheio com todas as ferramentas de Ruud, e aqueceu tanto de lado, exactamente onde estavam as latas de tinta, alguma gasolina e outras subst\u00e2ncias inflam\u00e1veis, que a coisa toda explodiu e o contentor inteiro ardeu. Foi um acontecimento e tanto na aldeia, v\u00e1rios helic\u00f3pteros, muitos carros de bombeiros e homens e muita pol\u00edcia.<\/p>\n\n\n\n<div class=\"wp-block-columns\">\n<div class=\"wp-block-column\" style=\"flex-basis:33.33%\">\n<figure class=\"wp-block-image size-large is-resized is-style-default\"><a href=\"https:\/\/rafeirosdoalentejo.eu\/wp-content\/uploads\/2022\/12\/da440164-f392-4524-b531-7e4ae5cbfce9.jpg\"><img loading=\"lazy\" src=\"https:\/\/rafeirosdoalentejo.eu\/wp-content\/uploads\/2022\/12\/da440164-f392-4524-b531-7e4ae5cbfce9-575x1024.jpg\" alt=\"Binnenkant container\" class=\"wp-image-870\" width=\"149\" height=\"266\"\/><\/a><figcaption>Dentro do contentor<\/figcaption><\/figure>\n<\/div>\n\n\n\n<div class=\"wp-block-column\" style=\"flex-basis:66.66%\">\n<figure class=\"wp-block-embed is-type-video is-provider-youtube wp-block-embed-youtube wp-embed-aspect-16-9 wp-has-aspect-ratio\"><div class=\"wp-block-embed__wrapper\">\n<iframe loading=\"lazy\" title=\"Brand in juni\" width=\"840\" height=\"473\" src=\"https:\/\/www.youtube.com\/embed\/x5BN0Pt32Bo?feature=oembed\" frameborder=\"0\" allow=\"accelerometer; autoplay; clipboard-write; encrypted-media; gyroscope; picture-in-picture\" allowfullscreen><\/iframe>\n<\/div><figcaption>O inc\u00eandio na nossa propriedade, fase final<\/figcaption><\/figure>\n<\/div>\n<\/div>\n\n\n\n<h4>Spyke&#8230;<\/h4>\n\n\n\n<p style=\"font-size:15px\">Claro que o nosso querido velho Spyke n\u00e3o se estava a sair bem h\u00e1 algum tempo, pelo menos ainda comia bem, ainda estava bastante activo, mas na realidade ele era apenas um pacote de ossos mantidos juntos pelas suas peles. Por isso, infelizmente, n\u00e3o conseguiu regressar dos Pa\u00edses Baixos. Os nossos dois filhos puseram-no a dormir tranquilamente no veterin\u00e1rio no final de Julho e foi-lhe dado um bom lugar no nosso jardim, perto de Lucky.<\/p>\n\n\n\n<div class=\"wp-block-columns\">\n<div class=\"wp-block-column\">\n<div class=\"wp-block-image is-style-default\"><figure class=\"aligncenter size-full is-resized\"><a href=\"https:\/\/rafeirosdoalentejo.eu\/wp-content\/uploads\/2022\/12\/44.jpg\"><img loading=\"lazy\" src=\"https:\/\/rafeirosdoalentejo.eu\/wp-content\/uploads\/2022\/12\/44.jpg\" alt=\"Lieve Spyke\" class=\"wp-image-869\" width=\"250\" height=\"231\"\/><\/a><figcaption>Uma das \u00faltimas fotografias<\/figcaption><\/figure><\/div>\n<\/div>\n\n\n\n<div class=\"wp-block-column\">\n<div class=\"wp-block-image is-style-default\"><figure class=\"aligncenter size-full is-resized\"><img loading=\"lazy\" src=\"https:\/\/rafeirosdoalentejo.eu\/wp-content\/uploads\/2022\/12\/20220601_202324.jpg\" alt=\"Spyke\" class=\"wp-image-868\" width=\"287\" height=\"235\"\/><figcaption>Caro Spyke<\/figcaption><\/figure><\/div>\n<\/div>\n<\/div>\n\n\n\n<h4>Tamb\u00e9m algo positivo<\/h4>\n\n\n\n<p style=\"font-size:15px\">Muito subitamente, pudemos comprar as terras dos nossos vizinhos, com uma pequena casa em bom estado e a possibilidade de converter 2 apoios em 2 apartamentos. Tudo isto alugaremos no futuro, quando tudo estiver terminado.<\/p>\n\n\n\n<h4>E agora a Chica<\/h4>\n\n\n\n<p style=\"font-size:15px\">Certo, est\u00e1 na hora de lhe falar mais sobre Chica.<\/p>\n\n\n\n<p style=\"font-size:15px\">Ela est\u00e1 agora a tornar-se um c\u00e3o de guarda muito bom. Juntamente com o Boef, passam as noites ao ar livre, onde s\u00e3o bons c\u00e3es de guarda. Normalmente deitam-se nas suas camas debaixo do nosso alpendre, mas em caso de tumulto, est\u00e3o ambos em alerta. No entanto, ainda nos surpreende o quanto Boef aceita dela. Ela pode realmente provoc\u00e1-lo bastante, mas ele aguenta tudo com resigna\u00e7\u00e3o. No entanto, Chica ainda o respeita, como Boef \u00e9 e continua a ser o chefe.<br>Entretanto, Boef foi castrado quimicamente pela segunda vez, porque o segundo calor de Chica vai come\u00e7ar em breve. Ser\u00e1 bastante dif\u00edcil descobrir o momento certo do acasalamento no pr\u00f3ximo ano. Ter\u00e1 de ser arranjado por Male, atrav\u00e9s da associa\u00e7\u00e3o, de qualquer forma. Um com os pap\u00e9is certos, mas de uma linhagem de sangue diferente. E duvido que tais machos possam ser encontrados por aqui. Veremos, at\u00e9 l\u00e1.<\/p>\n\n\n\n<p style=\"font-size:15px\">Como mostra a foto no topo desta p\u00e1gina, Chica ainda gosta de se deitar na sua pequena cadeira. Apesar de estar a ficar desconfort\u00e1vel, ela continua a rastejar sobre ele uma e outra vez.<br>Na \u00faltima vacina\u00e7\u00e3o, ela pesava agora 35 quilos, apenas 5 quilos menos que Boef. Neste momento ela j\u00e1 \u00e9 mais alta do que Boef, apenas alguns cent\u00edmetros mais alta.<\/p>\n\n\n\n<div class=\"wp-block-columns\">\n<div class=\"wp-block-column\">\n<figure class=\"wp-block-image size-full is-style-default\"><a href=\"https:\/\/rafeirosdoalentejo.eu\/wp-content\/uploads\/2022\/11\/211122.jpg\"><img src=\"https:\/\/rafeirosdoalentejo.eu\/wp-content\/uploads\/2022\/11\/211122.jpg\" alt=\"\" class=\"wp-image-851\"\/><\/a><figcaption>Samen op het kleed<\/figcaption><\/figure>\n<\/div>\n\n\n\n<div class=\"wp-block-column\">\n<figure class=\"wp-block-image size-large is-style-default\"><img src=\"https:\/\/rafeirosdoalentejo.eu\/wp-content\/uploads\/2022\/12\/20221125_121924-1024x474.jpg\" alt=\"Onze waakhonden\" class=\"wp-image-871\"\/><figcaption>Onze waakhonden<\/figcaption><\/figure>\n<\/div>\n<\/div>\n\n\n\n<h4>Luna<\/h4>\n\n\n\n<p style=\"font-size:15px\">Desde este fim-de-semana, temos tamb\u00e9m um novo cachorro em casa. Depois dos dois pequeninos nos terem deixado tristemente este ano, quer\u00edamos que outro pequenino fosse com eles. E isso tornou-se Luna, uma f\u00eamea Jack Russell. N\u00e3o puro, sem pap\u00e9is, etc., n\u00e3o pens\u00e1mos que isso fosse necess\u00e1rio. Tamb\u00e9m n\u00e3o nos vamos reproduzir com ela, ela s\u00f3 est\u00e1 aqui para a &#8220;divers\u00e3o&#8221;.<br>No momento em que tem 8 semanas e a partir do momento em que entrou, sentiu-se imediatamente em casa e \u00e9 completamente aceite, por todos os animais.<br>Chica adora e quer brincar continuamente com ela e f\u00e1-lo com suavidade, o que \u00e9 realmente espantoso de se ver. Os rel\u00f3gios malandros \u00e0 dist\u00e2ncia, acham que est\u00e1 bem, mas n\u00e3o interfere. Luna tem um grande respeito por Boef e reconhece claramente o patr\u00e3o que nele est\u00e1.<\/p>\n\n\n\n<div class=\"wp-block-columns\">\n<div class=\"wp-block-column\">\n<figure class=\"wp-block-embed is-type-video is-provider-youtube wp-block-embed-youtube wp-embed-aspect-16-9 wp-has-aspect-ratio\"><div class=\"wp-block-embed__wrapper\">\n<iframe loading=\"lazy\" title=\"Net 5 min. binnen\" width=\"840\" height=\"473\" src=\"https:\/\/www.youtube.com\/embed\/z5H_7FZ6zCA?feature=oembed\" frameborder=\"0\" allow=\"accelerometer; autoplay; clipboard-write; encrypted-media; gyroscope; picture-in-picture\" allowfullscreen><\/iframe>\n<\/div><\/figure>\n<\/div>\n\n\n\n<div class=\"wp-block-column\">\n<figure class=\"wp-block-embed is-type-video is-provider-youtube wp-block-embed-youtube wp-embed-aspect-16-9 wp-has-aspect-ratio\"><div class=\"wp-block-embed__wrapper\">\n<iframe loading=\"lazy\" title=\"Chica en Luna\" width=\"840\" height=\"473\" src=\"https:\/\/www.youtube.com\/embed\/cmPAuqNgXZk?feature=oembed\" frameborder=\"0\" allow=\"accelerometer; autoplay; clipboard-write; encrypted-media; gyroscope; picture-in-picture\" allowfullscreen><\/iframe>\n<\/div><\/figure>\n<\/div>\n<\/div>\n\n\n\n<p style=\"font-size:15px\">Pensamos que Chica ser\u00e1 uma m\u00e3e muito boa, vendo como ela est\u00e1 a lidar com Luna agora.<\/p>\n\n\n\n<div class=\"wp-block-columns\">\n<div class=\"wp-block-column\">\n<div class=\"wp-block-columns\">\n<div class=\"wp-block-column\">\n<div class=\"wp-block-image is-style-default\"><figure class=\"aligncenter size-full is-resized\"><a href=\"https:\/\/rafeirosdoalentejo.eu\/wp-content\/uploads\/2022\/11\/20221126_164031.jpg\"><img loading=\"lazy\" src=\"https:\/\/rafeirosdoalentejo.eu\/wp-content\/uploads\/2022\/11\/20221126_164031.jpg\" alt=\"Luna\" class=\"wp-image-855\" width=\"148\" height=\"300\"\/><\/a><\/figure><\/div>\n<\/div>\n\n\n\n<div class=\"wp-block-column\">\n<div class=\"wp-block-image is-style-default\"><figure class=\"aligncenter size-full is-resized\"><a href=\"https:\/\/rafeirosdoalentejo.eu\/wp-content\/uploads\/2022\/11\/20221126_162840.jpg\"><img loading=\"lazy\" src=\"https:\/\/rafeirosdoalentejo.eu\/wp-content\/uploads\/2022\/11\/20221126_162840.jpg\" alt=\"Luna\" class=\"wp-image-854\" width=\"148\" height=\"300\"\/><\/a><\/figure><\/div>\n<\/div>\n\n\n\n<div class=\"wp-block-column\">\n<div class=\"wp-block-image is-style-default\"><figure class=\"aligncenter size-full is-resized\"><a href=\"https:\/\/rafeirosdoalentejo.eu\/wp-content\/uploads\/2022\/11\/20221126_162702.jpg\"><img loading=\"lazy\" src=\"https:\/\/rafeirosdoalentejo.eu\/wp-content\/uploads\/2022\/11\/20221126_162702.jpg\" alt=\"\" class=\"wp-image-853\" width=\"148\" height=\"300\"\/><\/a><\/figure><\/div>\n<\/div>\n<\/div>\n<\/div>\n<\/div>\n\n\n\n<p style=\"font-size:15px\">Mais not\u00edcias em breve, esperemos que n\u00e3o voltem a aparecer ao fim de seis meses.<\/p>\n","protected":false},"excerpt":{"rendered":"<p>Faltou o Ver\u00e3o O \u00faltimo posto foi h\u00e1 bastante tempo, a partir de Maio, para ser preciso. Por isso vou dar uma grande actualiza\u00e7\u00e3o de &hellip; <\/p>\n","protected":false},"author":1,"featured_media":188,"comment_status":"closed","ping_status":"closed","sticky":false,"template":"","format":"standard","meta":[],"categories":[2],"tags":[],"yoast_head":"<!-- This site is optimized with the Yoast SEO plugin v18.1 - https:\/\/yoast.com\/wordpress\/plugins\/seo\/ -->\n<title>Sim, ainda se encaixa - Rafeiros do Alentejo<\/title>\n<meta name=\"description\" content=\"Chica ainda gosta de se deitar na cadeira e sim, ainda se encaixa. Desde semana Luna tem estado connosco, muito para a divers\u00e3o de Chica.\" \/>\n<meta name=\"robots\" content=\"index, follow, max-snippet:-1, max-image-preview:large, max-video-preview:-1\" \/>\n<link rel=\"canonical\" href=\"https:\/\/rafeirosdoalentejo.eu\/pt\/sim-ainda-se-encaixa\/\" \/>\n<meta property=\"og:locale\" content=\"pt_PT\" \/>\n<meta property=\"og:type\" content=\"article\" \/>\n<meta property=\"og:title\" content=\"Sim, ainda se encaixa - Rafeiros do Alentejo\" \/>\n<meta property=\"og:description\" content=\"Chica ainda gosta de se deitar na cadeira e sim, ainda se encaixa. Desde semana Luna tem estado connosco, muito para a divers\u00e3o de Chica.\" \/>\n<meta property=\"og:url\" content=\"https:\/\/rafeirosdoalentejo.eu\/pt\/sim-ainda-se-encaixa\/\" \/>\n<meta property=\"og:site_name\" content=\"Rafeiros do Alentejo\" \/>\n<meta property=\"article:publisher\" content=\"https:\/\/www.facebook.com\/rafeirosdoalentejo\" \/>\n<meta property=\"article:author\" content=\"https:\/\/www.facebook.com\/rafeirosdoalentejo\" \/>\n<meta property=\"article:published_time\" content=\"2022-12-05T12:00:56+00:00\" \/>\n<meta property=\"article:modified_time\" content=\"2022-12-05T12:00:58+00:00\" \/>\n<meta property=\"og:image\" content=\"https:\/\/rafeirosdoalentejo.eu\/pt\/wp-content\/uploads\/sites\/2\/2022\/12\/IMG-20221128-WA0003.jpg\" \/>\n\t<meta property=\"og:image:width\" content=\"1600\" \/>\n\t<meta property=\"og:image:height\" content=\"721\" \/>\n\t<meta property=\"og:image:type\" content=\"image\/jpeg\" \/>\n<meta name=\"twitter:card\" content=\"summary_large_image\" \/>\n<meta name=\"twitter:label1\" content=\"Escrito por\" \/>\n\t<meta name=\"twitter:data1\" content=\"pamvz\" \/>\n\t<meta name=\"twitter:label2\" content=\"Tempo estimado de leitura\" \/>\n\t<meta name=\"twitter:data2\" content=\"6 minutos\" \/>\n<script type=\"application\/ld+json\" class=\"yoast-schema-graph\">{\"@context\":\"https:\/\/schema.org\",\"@graph\":[{\"@type\":\"WebSite\",\"@id\":\"https:\/\/rafeirosdoalentejo.eu\/pt\/#website\",\"url\":\"https:\/\/rafeirosdoalentejo.eu\/pt\/\",\"name\":\"Rafeiros do Alentejo\",\"description\":\"O maior e mais belo c\u00e3o de Portugal durante s\u00e9culos\",\"potentialAction\":[{\"@type\":\"SearchAction\",\"target\":{\"@type\":\"EntryPoint\",\"urlTemplate\":\"https:\/\/rafeirosdoalentejo.eu\/pt\/?s={search_term_string}\"},\"query-input\":\"required name=search_term_string\"}],\"inLanguage\":\"pt-PT\"},{\"@type\":\"ImageObject\",\"@id\":\"https:\/\/rafeirosdoalentejo.eu\/pt\/sim-ainda-se-encaixa\/#primaryimage\",\"inLanguage\":\"pt-PT\",\"url\":\"https:\/\/rafeirosdoalentejo.eu\/pt\/wp-content\/uploads\/sites\/2\/2022\/12\/IMG-20221128-WA0003.jpg\",\"contentUrl\":\"https:\/\/rafeirosdoalentejo.eu\/pt\/wp-content\/uploads\/sites\/2\/2022\/12\/IMG-20221128-WA0003.jpg\",\"width\":1600,\"height\":721,\"caption\":\"Chica na cadeira\"},{\"@type\":\"WebPage\",\"@id\":\"https:\/\/rafeirosdoalentejo.eu\/pt\/sim-ainda-se-encaixa\/#webpage\",\"url\":\"https:\/\/rafeirosdoalentejo.eu\/pt\/sim-ainda-se-encaixa\/\",\"name\":\"Sim, ainda se encaixa - Rafeiros do Alentejo\",\"isPartOf\":{\"@id\":\"https:\/\/rafeirosdoalentejo.eu\/pt\/#website\"},\"primaryImageOfPage\":{\"@id\":\"https:\/\/rafeirosdoalentejo.eu\/pt\/sim-ainda-se-encaixa\/#primaryimage\"},\"datePublished\":\"2022-12-05T12:00:56+00:00\",\"dateModified\":\"2022-12-05T12:00:58+00:00\",\"author\":{\"@id\":\"https:\/\/rafeirosdoalentejo.eu\/pt\/#\/schema\/person\/c109b45fea113f57904f39d6d2e10fda\"},\"description\":\"Chica ainda gosta de se deitar na cadeira e sim, ainda se encaixa. Desde semana Luna tem estado connosco, muito para a divers\u00e3o de Chica.\",\"breadcrumb\":{\"@id\":\"https:\/\/rafeirosdoalentejo.eu\/pt\/sim-ainda-se-encaixa\/#breadcrumb\"},\"inLanguage\":\"pt-PT\",\"potentialAction\":[{\"@type\":\"ReadAction\",\"target\":[\"https:\/\/rafeirosdoalentejo.eu\/pt\/sim-ainda-se-encaixa\/\"]}]},{\"@type\":\"BreadcrumbList\",\"@id\":\"https:\/\/rafeirosdoalentejo.eu\/pt\/sim-ainda-se-encaixa\/#breadcrumb\",\"itemListElement\":[{\"@type\":\"ListItem\",\"position\":1,\"name\":\"Home\",\"item\":\"https:\/\/rafeirosdoalentejo.eu\/pt\/\"},{\"@type\":\"ListItem\",\"position\":2,\"name\":\"Sim, ainda se encaixa\"}]},{\"@type\":\"Person\",\"@id\":\"https:\/\/rafeirosdoalentejo.eu\/pt\/#\/schema\/person\/c109b45fea113f57904f39d6d2e10fda\",\"name\":\"pamvz\",\"image\":{\"@type\":\"ImageObject\",\"@id\":\"https:\/\/rafeirosdoalentejo.eu\/pt\/#personlogo\",\"inLanguage\":\"pt-PT\",\"url\":\"https:\/\/secure.gravatar.com\/avatar\/6cfdc492d5d13fd0caa0fb9f11c1bba7?s=96&d=mm&r=g\",\"contentUrl\":\"https:\/\/secure.gravatar.com\/avatar\/6cfdc492d5d13fd0caa0fb9f11c1bba7?s=96&d=mm&r=g\",\"caption\":\"pamvz\"},\"sameAs\":[\"https:\/\/rafeirosdoalentejo.eu\/pt\",\"https:\/\/www.facebook.com\/rafeirosdoalentejo\"],\"url\":\"https:\/\/rafeirosdoalentejo.eu\/pt\/author\/pamvz\/\"}]}<\/script>\n<!-- \/ Yoast SEO plugin. -->","yoast_head_json":{"title":"Sim, ainda se encaixa - Rafeiros do Alentejo","description":"Chica ainda gosta de se deitar na cadeira e sim, ainda se encaixa. Desde semana Luna tem estado connosco, muito para a divers\u00e3o de Chica.","robots":{"index":"index","follow":"follow","max-snippet":"max-snippet:-1","max-image-preview":"max-image-preview:large","max-video-preview":"max-video-preview:-1"},"canonical":"https:\/\/rafeirosdoalentejo.eu\/pt\/sim-ainda-se-encaixa\/","og_locale":"pt_PT","og_type":"article","og_title":"Sim, ainda se encaixa - Rafeiros do Alentejo","og_description":"Chica ainda gosta de se deitar na cadeira e sim, ainda se encaixa. Desde semana Luna tem estado connosco, muito para a divers\u00e3o de Chica.","og_url":"https:\/\/rafeirosdoalentejo.eu\/pt\/sim-ainda-se-encaixa\/","og_site_name":"Rafeiros do Alentejo","article_publisher":"https:\/\/www.facebook.com\/rafeirosdoalentejo","article_author":"https:\/\/www.facebook.com\/rafeirosdoalentejo","article_published_time":"2022-12-05T12:00:56+00:00","article_modified_time":"2022-12-05T12:00:58+00:00","og_image":[{"width":1600,"height":721,"url":"https:\/\/rafeirosdoalentejo.eu\/pt\/wp-content\/uploads\/sites\/2\/2022\/12\/IMG-20221128-WA0003.jpg","type":"image\/jpeg"}],"twitter_card":"summary_large_image","twitter_misc":{"Escrito por":"pamvz","Tempo estimado de leitura":"6 minutos"},"schema":{"@context":"https:\/\/schema.org","@graph":[{"@type":"WebSite","@id":"https:\/\/rafeirosdoalentejo.eu\/pt\/#website","url":"https:\/\/rafeirosdoalentejo.eu\/pt\/","name":"Rafeiros do Alentejo","description":"O maior e mais belo c\u00e3o de Portugal durante s\u00e9culos","potentialAction":[{"@type":"SearchAction","target":{"@type":"EntryPoint","urlTemplate":"https:\/\/rafeirosdoalentejo.eu\/pt\/?s={search_term_string}"},"query-input":"required name=search_term_string"}],"inLanguage":"pt-PT"},{"@type":"ImageObject","@id":"https:\/\/rafeirosdoalentejo.eu\/pt\/sim-ainda-se-encaixa\/#primaryimage","inLanguage":"pt-PT","url":"https:\/\/rafeirosdoalentejo.eu\/pt\/wp-content\/uploads\/sites\/2\/2022\/12\/IMG-20221128-WA0003.jpg","contentUrl":"https:\/\/rafeirosdoalentejo.eu\/pt\/wp-content\/uploads\/sites\/2\/2022\/12\/IMG-20221128-WA0003.jpg","width":1600,"height":721,"caption":"Chica na cadeira"},{"@type":"WebPage","@id":"https:\/\/rafeirosdoalentejo.eu\/pt\/sim-ainda-se-encaixa\/#webpage","url":"https:\/\/rafeirosdoalentejo.eu\/pt\/sim-ainda-se-encaixa\/","name":"Sim, ainda se encaixa - Rafeiros do Alentejo","isPartOf":{"@id":"https:\/\/rafeirosdoalentejo.eu\/pt\/#website"},"primaryImageOfPage":{"@id":"https:\/\/rafeirosdoalentejo.eu\/pt\/sim-ainda-se-encaixa\/#primaryimage"},"datePublished":"2022-12-05T12:00:56+00:00","dateModified":"2022-12-05T12:00:58+00:00","author":{"@id":"https:\/\/rafeirosdoalentejo.eu\/pt\/#\/schema\/person\/c109b45fea113f57904f39d6d2e10fda"},"description":"Chica ainda gosta de se deitar na cadeira e sim, ainda se encaixa. Desde semana Luna tem estado connosco, muito para a divers\u00e3o de Chica.","breadcrumb":{"@id":"https:\/\/rafeirosdoalentejo.eu\/pt\/sim-ainda-se-encaixa\/#breadcrumb"},"inLanguage":"pt-PT","potentialAction":[{"@type":"ReadAction","target":["https:\/\/rafeirosdoalentejo.eu\/pt\/sim-ainda-se-encaixa\/"]}]},{"@type":"BreadcrumbList","@id":"https:\/\/rafeirosdoalentejo.eu\/pt\/sim-ainda-se-encaixa\/#breadcrumb","itemListElement":[{"@type":"ListItem","position":1,"name":"Home","item":"https:\/\/rafeirosdoalentejo.eu\/pt\/"},{"@type":"ListItem","position":2,"name":"Sim, ainda se encaixa"}]},{"@type":"Person","@id":"https:\/\/rafeirosdoalentejo.eu\/pt\/#\/schema\/person\/c109b45fea113f57904f39d6d2e10fda","name":"pamvz","image":{"@type":"ImageObject","@id":"https:\/\/rafeirosdoalentejo.eu\/pt\/#personlogo","inLanguage":"pt-PT","url":"https:\/\/secure.gravatar.com\/avatar\/6cfdc492d5d13fd0caa0fb9f11c1bba7?s=96&d=mm&r=g","contentUrl":"https:\/\/secure.gravatar.com\/avatar\/6cfdc492d5d13fd0caa0fb9f11c1bba7?s=96&d=mm&r=g","caption":"pamvz"},"sameAs":["https:\/\/rafeirosdoalentejo.eu\/pt","https:\/\/www.facebook.com\/rafeirosdoalentejo"],"url":"https:\/\/rafeirosdoalentejo.eu\/pt\/author\/pamvz\/"}]}},"_links":{"self":[{"href":"https:\/\/rafeirosdoalentejo.eu\/pt\/wp-json\/wp\/v2\/posts\/186"}],"collection":[{"href":"https:\/\/rafeirosdoalentejo.eu\/pt\/wp-json\/wp\/v2\/posts"}],"about":[{"href":"https:\/\/rafeirosdoalentejo.eu\/pt\/wp-json\/wp\/v2\/types\/post"}],"author":[{"embeddable":true,"href":"https:\/\/rafeirosdoalentejo.eu\/pt\/wp-json\/wp\/v2\/users\/1"}],"replies":[{"embeddable":true,"href":"https:\/\/rafeirosdoalentejo.eu\/pt\/wp-json\/wp\/v2\/comments?post=186"}],"version-history":[{"count":1,"href":"https:\/\/rafeirosdoalentejo.eu\/pt\/wp-json\/wp\/v2\/posts\/186\/revisions"}],"predecessor-version":[{"id":187,"href":"https:\/\/rafeirosdoalentejo.eu\/pt\/wp-json\/wp\/v2\/posts\/186\/revisions\/187"}],"wp:featuredmedia":[{"embeddable":true,"href":"https:\/\/rafeirosdoalentejo.eu\/pt\/wp-json\/wp\/v2\/media\/188"}],"wp:attachment":[{"href":"https:\/\/rafeirosdoalentejo.eu\/pt\/wp-json\/wp\/v2\/media?parent=186"}],"wp:term":[{"taxonomy":"category","embeddable":true,"href":"https:\/\/rafeirosdoalentejo.eu\/pt\/wp-json\/wp\/v2\/categories?post=186"},{"taxonomy":"post_tag","embeddable":true,"href":"https:\/\/rafeirosdoalentejo.eu\/pt\/wp-json\/wp\/v2\/tags?post=186"}],"curies":[{"name":"wp","href":"https:\/\/api.w.org\/{rel}","templated":true}]}}