{"id":66,"date":"2021-08-18T14:38:22","date_gmt":"2021-08-18T13:38:22","guid":{"rendered":"https:\/\/rafeirosdoalentejo.eu\/pt\/?p=66"},"modified":"2022-08-10T16:33:38","modified_gmt":"2022-08-10T15:33:38","slug":"chica-esta_em_casa","status":"publish","type":"post","link":"https:\/\/rafeirosdoalentejo.eu\/pt\/chica-esta_em_casa\/","title":{"rendered":"Chica est\u00e1 em casa."},"content":{"rendered":"\n<p style=\"font-size:15px\">Ao voltar para casa, ela foi imediatamente apresentada aos seus novos membros da fam\u00edlia, que, sim, tamb\u00e9m os gatos, realmente a aceitaram imediatamente e Chica se comporta a partir daquele momento como se estivesse aqui h\u00e1 anos. Muito bom de ver.<\/p>\n\n\n\n<div class=\"wp-block-columns\">\n<div class=\"wp-block-column\" style=\"flex-basis:50%\">\n<figure class=\"wp-block-image size-large\"><img src=\"https:\/\/rafeirosdoalentejo.eu\/wp-content\/uploads\/2021\/08\/Lekker_eten-1024x473.jpg\" alt=\"Chica comendo\" class=\"wp-image-623\"\/><\/figure>\n<\/div>\n\n\n\n<div class=\"wp-block-column\" style=\"flex-basis:50%\">\n<figure class=\"wp-block-image size-large\"><img src=\"https:\/\/rafeirosdoalentejo.eu\/wp-content\/uploads\/2021\/08\/Slapen-1024x473.jpg\" alt=\"Um pouco de sono\" class=\"wp-image-624\"\/><\/figure>\n<\/div>\n<\/div>\n\n\n\n<p style=\"font-size:15px\">Pedimos ao criador para colocar um pano velho ou semelhante no ninho nos \u00faltimos dias, para que pud\u00e9ssemos levar o cheiro familiar do ninho conosco. Um movimento dourado, porque nas \u00faltimas noites Chica dormiu em cima da camiseta. <br> Al\u00e9m disso, ela realmente sai o tempo todo para fazer suas necessidades (exceto por alguns acidentes durante a noite, logicamente) e assim podemos dizer que ela \u00e9 perfeitamente treinada em casa e sabe como faz\u00ea-lo&#8230;<\/p>\n\n\n\n<div class=\"wp-block-columns\">\n<div class=\"wp-block-column\" style=\"flex-basis:50%\">\n<figure class=\"wp-block-embed is-type-video is-provider-youtube wp-block-embed-youtube wp-embed-aspect-16-9 wp-has-aspect-ratio\"><div class=\"wp-block-embed__wrapper\">\n<iframe loading=\"lazy\" title=\"Wie is dit nieuwe geval?\" width=\"840\" height=\"473\" src=\"https:\/\/www.youtube.com\/embed\/r_CoLj123xA?feature=oembed\" frameborder=\"0\" allow=\"accelerometer; autoplay; clipboard-write; encrypted-media; gyroscope; picture-in-picture\" allowfullscreen><\/iframe>\n<\/div><\/figure>\n<\/div>\n\n\n\n<div class=\"wp-block-column\" style=\"flex-basis:50%\">\n<figure class=\"wp-block-embed is-type-video is-provider-youtube wp-block-embed-youtube wp-embed-aspect-16-9 wp-has-aspect-ratio\"><div class=\"wp-block-embed__wrapper\">\n<iframe loading=\"lazy\" title=\"Wat moet ik hiermee?\" width=\"840\" height=\"473\" src=\"https:\/\/www.youtube.com\/embed\/fkSoTvClWR8?feature=oembed\" frameborder=\"0\" allow=\"accelerometer; autoplay; clipboard-write; encrypted-media; gyroscope; picture-in-picture\" allowfullscreen><\/iframe>\n<\/div><\/figure>\n<\/div>\n<\/div>\n\n\n\n<h6><br><br><br><br><br>Siga a Chica, envie-me automaticamente novas mensagens.<\/h6>\n\n\n","protected":false},"excerpt":{"rendered":"<p>Ao voltar para casa, ela foi imediatamente apresentada aos seus novos membros da fam\u00edlia, que, sim, tamb\u00e9m os gatos, realmente a aceitaram imediatamente e Chica &hellip; <\/p>\n","protected":false},"author":1,"featured_media":67,"comment_status":"closed","ping_status":"closed","sticky":false,"template":"","format":"standard","meta":[],"categories":[2],"tags":[],"yoast_head":"<!-- This site is optimized with the Yoast SEO plugin v18.1 - https:\/\/yoast.com\/wordpress\/plugins\/seo\/ -->\n<title>Chica est\u00e1 em casa. - Chegou o nosso novo membro da fam\u00edlia<\/title>\n<meta name=\"description\" content=\"Chica est\u00e1 em casa, chegou 4a-feira. Desde o primeiro momento ela foi imediatamente aceite pelos seus novos membros da fam\u00edlia...\" \/>\n<meta name=\"robots\" content=\"index, follow, max-snippet:-1, max-image-preview:large, max-video-preview:-1\" \/>\n<link rel=\"canonical\" href=\"https:\/\/rafeirosdoalentejo.eu\/pt\/chica-esta_em_casa\/\" \/>\n<meta property=\"og:locale\" content=\"pt_PT\" \/>\n<meta property=\"og:type\" content=\"article\" \/>\n<meta property=\"og:title\" content=\"Chica est\u00e1 em casa. - Chegou o nosso novo membro da fam\u00edlia\" \/>\n<meta property=\"og:description\" content=\"Chica est\u00e1 em casa, chegou 4a-feira. Desde o primeiro momento ela foi imediatamente aceite pelos seus novos membros da fam\u00edlia...\" \/>\n<meta property=\"og:url\" content=\"https:\/\/rafeirosdoalentejo.eu\/pt\/chica-esta_em_casa\/\" \/>\n<meta property=\"og:site_name\" content=\"Rafeiros do Alentejo\" \/>\n<meta property=\"article:publisher\" content=\"https:\/\/www.facebook.com\/rafeirosdoalentejo\" \/>\n<meta property=\"article:author\" content=\"https:\/\/www.facebook.com\/rafeirosdoalentejo\" \/>\n<meta property=\"article:published_time\" content=\"2021-08-18T13:38:22+00:00\" \/>\n<meta property=\"article:modified_time\" content=\"2022-08-10T15:33:38+00:00\" \/>\n<meta property=\"og:image\" content=\"https:\/\/rafeirosdoalentejo.eu\/pt\/wp-content\/uploads\/sites\/2\/2021\/08\/Lekker_eten-scaled.jpg\" \/>\n\t<meta property=\"og:image:width\" content=\"2560\" \/>\n\t<meta property=\"og:image:height\" content=\"1183\" \/>\n\t<meta property=\"og:image:type\" content=\"image\/jpeg\" \/>\n<meta name=\"twitter:card\" content=\"summary_large_image\" \/>\n<meta name=\"twitter:label1\" content=\"Escrito por\" \/>\n\t<meta name=\"twitter:data1\" content=\"pamvz\" \/>\n\t<meta name=\"twitter:label2\" content=\"Tempo estimado de leitura\" \/>\n\t<meta name=\"twitter:data2\" content=\"1 minuto\" \/>\n<script type=\"application\/ld+json\" class=\"yoast-schema-graph\">{\"@context\":\"https:\/\/schema.org\",\"@graph\":[{\"@type\":\"WebSite\",\"@id\":\"https:\/\/rafeirosdoalentejo.eu\/pt\/#website\",\"url\":\"https:\/\/rafeirosdoalentejo.eu\/pt\/\",\"name\":\"Rafeiros do Alentejo\",\"description\":\"O maior e mais belo c\u00e3o de Portugal durante s\u00e9culos\",\"potentialAction\":[{\"@type\":\"SearchAction\",\"target\":{\"@type\":\"EntryPoint\",\"urlTemplate\":\"https:\/\/rafeirosdoalentejo.eu\/pt\/?s={search_term_string}\"},\"query-input\":\"required name=search_term_string\"}],\"inLanguage\":\"pt-PT\"},{\"@type\":\"ImageObject\",\"@id\":\"https:\/\/rafeirosdoalentejo.eu\/pt\/chica-esta_em_casa\/#primaryimage\",\"inLanguage\":\"pt-PT\",\"url\":\"https:\/\/rafeirosdoalentejo.eu\/pt\/wp-content\/uploads\/sites\/2\/2021\/08\/Lekker_eten-scaled.jpg\",\"contentUrl\":\"https:\/\/rafeirosdoalentejo.eu\/pt\/wp-content\/uploads\/sites\/2\/2021\/08\/Lekker_eten-scaled.jpg\",\"width\":2560,\"height\":1183,\"caption\":\"Comida\"},{\"@type\":\"WebPage\",\"@id\":\"https:\/\/rafeirosdoalentejo.eu\/pt\/chica-esta_em_casa\/#webpage\",\"url\":\"https:\/\/rafeirosdoalentejo.eu\/pt\/chica-esta_em_casa\/\",\"name\":\"Chica est\u00e1 em casa. - Chegou o nosso novo membro da fam\u00edlia\",\"isPartOf\":{\"@id\":\"https:\/\/rafeirosdoalentejo.eu\/pt\/#website\"},\"primaryImageOfPage\":{\"@id\":\"https:\/\/rafeirosdoalentejo.eu\/pt\/chica-esta_em_casa\/#primaryimage\"},\"datePublished\":\"2021-08-18T13:38:22+00:00\",\"dateModified\":\"2022-08-10T15:33:38+00:00\",\"author\":{\"@id\":\"https:\/\/rafeirosdoalentejo.eu\/pt\/#\/schema\/person\/c109b45fea113f57904f39d6d2e10fda\"},\"description\":\"Chica est\u00e1 em casa, chegou 4a-feira. Desde o primeiro momento ela foi imediatamente aceite pelos seus novos membros da fam\u00edlia...\",\"breadcrumb\":{\"@id\":\"https:\/\/rafeirosdoalentejo.eu\/pt\/chica-esta_em_casa\/#breadcrumb\"},\"inLanguage\":\"pt-PT\",\"potentialAction\":[{\"@type\":\"ReadAction\",\"target\":[\"https:\/\/rafeirosdoalentejo.eu\/pt\/chica-esta_em_casa\/\"]}]},{\"@type\":\"BreadcrumbList\",\"@id\":\"https:\/\/rafeirosdoalentejo.eu\/pt\/chica-esta_em_casa\/#breadcrumb\",\"itemListElement\":[{\"@type\":\"ListItem\",\"position\":1,\"name\":\"Home\",\"item\":\"https:\/\/rafeirosdoalentejo.eu\/pt\/\"},{\"@type\":\"ListItem\",\"position\":2,\"name\":\"Chica est\u00e1 em casa.\"}]},{\"@type\":\"Person\",\"@id\":\"https:\/\/rafeirosdoalentejo.eu\/pt\/#\/schema\/person\/c109b45fea113f57904f39d6d2e10fda\",\"name\":\"pamvz\",\"image\":{\"@type\":\"ImageObject\",\"@id\":\"https:\/\/rafeirosdoalentejo.eu\/pt\/#personlogo\",\"inLanguage\":\"pt-PT\",\"url\":\"https:\/\/secure.gravatar.com\/avatar\/6cfdc492d5d13fd0caa0fb9f11c1bba7?s=96&d=mm&r=g\",\"contentUrl\":\"https:\/\/secure.gravatar.com\/avatar\/6cfdc492d5d13fd0caa0fb9f11c1bba7?s=96&d=mm&r=g\",\"caption\":\"pamvz\"},\"sameAs\":[\"https:\/\/rafeirosdoalentejo.eu\/pt\",\"https:\/\/www.facebook.com\/rafeirosdoalentejo\"],\"url\":\"https:\/\/rafeirosdoalentejo.eu\/pt\/author\/pamvz\/\"}]}<\/script>\n<!-- \/ Yoast SEO plugin. -->","yoast_head_json":{"title":"Chica est\u00e1 em casa. - Chegou o nosso novo membro da fam\u00edlia","description":"Chica est\u00e1 em casa, chegou 4a-feira. Desde o primeiro momento ela foi imediatamente aceite pelos seus novos membros da fam\u00edlia...","robots":{"index":"index","follow":"follow","max-snippet":"max-snippet:-1","max-image-preview":"max-image-preview:large","max-video-preview":"max-video-preview:-1"},"canonical":"https:\/\/rafeirosdoalentejo.eu\/pt\/chica-esta_em_casa\/","og_locale":"pt_PT","og_type":"article","og_title":"Chica est\u00e1 em casa. - Chegou o nosso novo membro da fam\u00edlia","og_description":"Chica est\u00e1 em casa, chegou 4a-feira. Desde o primeiro momento ela foi imediatamente aceite pelos seus novos membros da fam\u00edlia...","og_url":"https:\/\/rafeirosdoalentejo.eu\/pt\/chica-esta_em_casa\/","og_site_name":"Rafeiros do Alentejo","article_publisher":"https:\/\/www.facebook.com\/rafeirosdoalentejo","article_author":"https:\/\/www.facebook.com\/rafeirosdoalentejo","article_published_time":"2021-08-18T13:38:22+00:00","article_modified_time":"2022-08-10T15:33:38+00:00","og_image":[{"width":2560,"height":1183,"url":"https:\/\/rafeirosdoalentejo.eu\/pt\/wp-content\/uploads\/sites\/2\/2021\/08\/Lekker_eten-scaled.jpg","type":"image\/jpeg"}],"twitter_card":"summary_large_image","twitter_misc":{"Escrito por":"pamvz","Tempo estimado de leitura":"1 minuto"},"schema":{"@context":"https:\/\/schema.org","@graph":[{"@type":"WebSite","@id":"https:\/\/rafeirosdoalentejo.eu\/pt\/#website","url":"https:\/\/rafeirosdoalentejo.eu\/pt\/","name":"Rafeiros do Alentejo","description":"O maior e mais belo c\u00e3o de Portugal durante s\u00e9culos","potentialAction":[{"@type":"SearchAction","target":{"@type":"EntryPoint","urlTemplate":"https:\/\/rafeirosdoalentejo.eu\/pt\/?s={search_term_string}"},"query-input":"required name=search_term_string"}],"inLanguage":"pt-PT"},{"@type":"ImageObject","@id":"https:\/\/rafeirosdoalentejo.eu\/pt\/chica-esta_em_casa\/#primaryimage","inLanguage":"pt-PT","url":"https:\/\/rafeirosdoalentejo.eu\/pt\/wp-content\/uploads\/sites\/2\/2021\/08\/Lekker_eten-scaled.jpg","contentUrl":"https:\/\/rafeirosdoalentejo.eu\/pt\/wp-content\/uploads\/sites\/2\/2021\/08\/Lekker_eten-scaled.jpg","width":2560,"height":1183,"caption":"Comida"},{"@type":"WebPage","@id":"https:\/\/rafeirosdoalentejo.eu\/pt\/chica-esta_em_casa\/#webpage","url":"https:\/\/rafeirosdoalentejo.eu\/pt\/chica-esta_em_casa\/","name":"Chica est\u00e1 em casa. - Chegou o nosso novo membro da fam\u00edlia","isPartOf":{"@id":"https:\/\/rafeirosdoalentejo.eu\/pt\/#website"},"primaryImageOfPage":{"@id":"https:\/\/rafeirosdoalentejo.eu\/pt\/chica-esta_em_casa\/#primaryimage"},"datePublished":"2021-08-18T13:38:22+00:00","dateModified":"2022-08-10T15:33:38+00:00","author":{"@id":"https:\/\/rafeirosdoalentejo.eu\/pt\/#\/schema\/person\/c109b45fea113f57904f39d6d2e10fda"},"description":"Chica est\u00e1 em casa, chegou 4a-feira. Desde o primeiro momento ela foi imediatamente aceite pelos seus novos membros da fam\u00edlia...","breadcrumb":{"@id":"https:\/\/rafeirosdoalentejo.eu\/pt\/chica-esta_em_casa\/#breadcrumb"},"inLanguage":"pt-PT","potentialAction":[{"@type":"ReadAction","target":["https:\/\/rafeirosdoalentejo.eu\/pt\/chica-esta_em_casa\/"]}]},{"@type":"BreadcrumbList","@id":"https:\/\/rafeirosdoalentejo.eu\/pt\/chica-esta_em_casa\/#breadcrumb","itemListElement":[{"@type":"ListItem","position":1,"name":"Home","item":"https:\/\/rafeirosdoalentejo.eu\/pt\/"},{"@type":"ListItem","position":2,"name":"Chica est\u00e1 em casa."}]},{"@type":"Person","@id":"https:\/\/rafeirosdoalentejo.eu\/pt\/#\/schema\/person\/c109b45fea113f57904f39d6d2e10fda","name":"pamvz","image":{"@type":"ImageObject","@id":"https:\/\/rafeirosdoalentejo.eu\/pt\/#personlogo","inLanguage":"pt-PT","url":"https:\/\/secure.gravatar.com\/avatar\/6cfdc492d5d13fd0caa0fb9f11c1bba7?s=96&d=mm&r=g","contentUrl":"https:\/\/secure.gravatar.com\/avatar\/6cfdc492d5d13fd0caa0fb9f11c1bba7?s=96&d=mm&r=g","caption":"pamvz"},"sameAs":["https:\/\/rafeirosdoalentejo.eu\/pt","https:\/\/www.facebook.com\/rafeirosdoalentejo"],"url":"https:\/\/rafeirosdoalentejo.eu\/pt\/author\/pamvz\/"}]}},"_links":{"self":[{"href":"https:\/\/rafeirosdoalentejo.eu\/pt\/wp-json\/wp\/v2\/posts\/66"}],"collection":[{"href":"https:\/\/rafeirosdoalentejo.eu\/pt\/wp-json\/wp\/v2\/posts"}],"about":[{"href":"https:\/\/rafeirosdoalentejo.eu\/pt\/wp-json\/wp\/v2\/types\/post"}],"author":[{"embeddable":true,"href":"https:\/\/rafeirosdoalentejo.eu\/pt\/wp-json\/wp\/v2\/users\/1"}],"replies":[{"embeddable":true,"href":"https:\/\/rafeirosdoalentejo.eu\/pt\/wp-json\/wp\/v2\/comments?post=66"}],"version-history":[{"count":5,"href":"https:\/\/rafeirosdoalentejo.eu\/pt\/wp-json\/wp\/v2\/posts\/66\/revisions"}],"predecessor-version":[{"id":135,"href":"https:\/\/rafeirosdoalentejo.eu\/pt\/wp-json\/wp\/v2\/posts\/66\/revisions\/135"}],"wp:featuredmedia":[{"embeddable":true,"href":"https:\/\/rafeirosdoalentejo.eu\/pt\/wp-json\/wp\/v2\/media\/67"}],"wp:attachment":[{"href":"https:\/\/rafeirosdoalentejo.eu\/pt\/wp-json\/wp\/v2\/media?parent=66"}],"wp:term":[{"taxonomy":"category","embeddable":true,"href":"https:\/\/rafeirosdoalentejo.eu\/pt\/wp-json\/wp\/v2\/categories?post=66"},{"taxonomy":"post_tag","embeddable":true,"href":"https:\/\/rafeirosdoalentejo.eu\/pt\/wp-json\/wp\/v2\/tags?post=66"}],"curies":[{"name":"wp","href":"https:\/\/api.w.org\/{rel}","templated":true}]}}